{"id":57999,"date":"2025-10-17T13:28:22","date_gmt":"2025-10-17T13:28:22","guid":{"rendered":"https:\/\/www.europesays.com\/se\/57999\/"},"modified":"2025-10-17T13:28:22","modified_gmt":"2025-10-17T13:28:22","slug":"dodsorsaken-faststalld-darfor-dog-diane-keaton","status":"publish","type":"post","link":"https:\/\/www.europesays.com\/se\/57999\/","title":{"rendered":"D\u00f6dsorsaken fastst\u00e4lld \u2013 d\u00e4rf\u00f6r dog Diane Keaton"},"content":{"rendered":"<p>Publicerad 16 okt 2025 kl 06.08Uppdaterad kl 08.17<\/p>\n<p>Sk\u00e5despelaren Diane Keatons d\u00f6d i f\u00f6rra veckan har uppm\u00e4rksammats v\u00e4rlden \u00f6ver.<\/p>\n<p>Nu uppger Keatons anh\u00f6riga att hon avled till f\u00f6ljd av lunginflammation.<\/p>\n<p>Senaste n\u00f6jesklippen fr\u00e5n Expressen.<img   alt=\"\"\/><\/p>\n<p>Diane Keaton blev 79 \u00e5r.<\/p>\n<p>Foto: AGENCY\/NURPHOTO\/SHUTTERSTOCK \/ SHUTTERSTOCK EDITORIAL\/IBL<\/p>\n<p>\u00d6ppna bild i helsk\u00e4rm<img loading=\"lazy\"   alt=\"\"\/><\/p>\n<p>Diane Keaton och Woody Allen i filmen \u201dAnnie Hall\u201d.<\/p>\n<p>Foto: FOTO: MGM\/TV4 \/ TV4<\/p>\n<p>\u00d6ppna bild i helsk\u00e4rm<img loading=\"lazy\"   alt=\"\"\/><\/p>\n<p>Sk\u00e5despelerskan dog i sviterna av en lunginflammation.<\/p>\n<p>Foto: KENNELL KRISTA \/ STELLA PICTURES ABACA PRESS<\/p>\n<p>\u00d6ppna bild i helsk\u00e4rm<\/p>\n<p>\u201dFamiljen Keaton \u00e4r mycket tacksam f\u00f6r alla fantastiska meddelanden med k\u00e4rlek och st\u00f6d som de har f\u00e5tt de senaste dagarna f\u00f6r sin \u00e4lskade Diane, som avled i lunginflammation den 11 oktober\u201d, st\u00e5r det i ett uttalande som <a href=\"https:\/\/people.com\/diane-keaton-family-confirms-cause-of-death-grateful-support-11828660\" rel=\"nofollow noopener\" target=\"_blank\">People Magazine<\/a> tagit del av.<\/p>\n<p>Keaton har bland annat medverkat i filmer s\u00e5som \u201dGudfadern\u201d och \u201dAnnie Hall\u201d, och har bel\u00f6nats med en Oscar och nominerats till ytterligare tre. Hon har \u00e4ven regisserat flera filmer, musikvideor och avsnitt av tv-serier.<\/p>\n<p>Diane Keaton blev 79 \u00e5r. Hon avled i <a href=\"https:\/\/www.expressen.se\/tagg\/location\/los-angeles\/\" class=\"\" rel=\"nofollow noopener\" target=\"_blank\">Los Angeles<\/a>.<\/p>\n","protected":false},"excerpt":{"rendered":"Publicerad 16 okt 2025 kl 06.08Uppdaterad kl 08.17 Sk\u00e5despelaren Diane Keatons d\u00f6d i f\u00f6rra veckan har uppm\u00e4rksammats v\u00e4rlden&hellip;\n","protected":false},"author":2,"featured_media":58000,"comment_status":"","ping_status":"","sticky":false,"template":"","format":"standard","meta":{"footnotes":""},"categories":[67],"tags":[104,1997,34,31,33,32,30,427,310,109,105],"class_list":{"0":"post-57999","1":"post","2":"type-post","3":"status-publish","4":"format-standard","5":"has-post-thumbnail","7":"category-underhallning","8":"tag-entertainment","9":"tag-location-los-angeles","10":"tag-se","11":"tag-svenska","12":"tag-sverige","13":"tag-sweden","14":"tag-swedish","15":"tag-topic-dodsfall","16":"tag-topic-kandisar","17":"tag-topic-skadespelare","18":"tag-underhallning"},"share_on_mastodon":{"url":"","error":""},"_links":{"self":[{"href":"https:\/\/www.europesays.com\/se\/wp-json\/wp\/v2\/posts\/57999","targetHints":{"allow":["GET"]}}],"collection":[{"href":"https:\/\/www.europesays.com\/se\/wp-json\/wp\/v2\/posts"}],"about":[{"href":"https:\/\/www.europesays.com\/se\/wp-json\/wp\/v2\/types\/post"}],"author":[{"embeddable":true,"href":"https:\/\/www.europesays.com\/se\/wp-json\/wp\/v2\/users\/2"}],"replies":[{"embeddable":true,"href":"https:\/\/www.europesays.com\/se\/wp-json\/wp\/v2\/comments?post=57999"}],"version-history":[{"count":0,"href":"https:\/\/www.europesays.com\/se\/wp-json\/wp\/v2\/posts\/57999\/revisions"}],"wp:featuredmedia":[{"embeddable":true,"href":"https:\/\/www.europesays.com\/se\/wp-json\/wp\/v2\/media\/58000"}],"wp:attachment":[{"href":"https:\/\/www.europesays.com\/se\/wp-json\/wp\/v2\/media?parent=57999"}],"wp:term":[{"taxonomy":"category","embeddable":true,"href":"https:\/\/www.europesays.com\/se\/wp-json\/wp\/v2\/categories?post=57999"},{"taxonomy":"post_tag","embeddable":true,"href":"https:\/\/www.europesays.com\/se\/wp-json\/wp\/v2\/tags?post=57999"}],"curies":[{"name":"wp","href":"https:\/\/api.w.org\/{rel}","templated":true}]}}