{"id":58011,"date":"2025-10-17T13:41:32","date_gmt":"2025-10-17T13:41:32","guid":{"rendered":"https:\/\/www.europesays.com\/se\/58011\/"},"modified":"2025-10-17T13:41:32","modified_gmt":"2025-10-17T13:41:32","slug":"malmo-ff-omorganiserar-niklas-soderstrom-utses-till-vice-vd","status":"publish","type":"post","link":"https:\/\/www.europesays.com\/se\/58011\/","title":{"rendered":"Malm\u00f6 FF omorganiserar \u2013 Niklas S\u00f6derstr\u00f6m utses till vice VD"},"content":{"rendered":"<p>Malm\u00f6 FF har sedan 2014 genomg\u00e5tt en omfattande expansion bland annat via ett kraftigt \u00f6kat medlemsantal, uppstart av dam- och flickfotboll, utveckling av v\u00e5r akademi, \u00f6vertagandet av all kiosk- och restaurangverksamhet p\u00e5 Eleda Stadion samt v\u00e4xande segment som MFF Shopen och MFF Play.<\/p>\n<p>Denna expansion har g\u00e5tt hand i hand med f\u00f6reningens kanske mest framg\u00e5ngsrika tio\u00e5rsperiod genom tiderna.<\/p>\n<p>F\u00f6r att p\u00e5 kort och l\u00e5ng sikt m\u00f6ta behovet av fortsatt positiv utveckling av Malm\u00f6 FF samt skapa s\u00e5 goda f\u00f6ruts\u00e4ttningar som m\u00f6jligt f\u00f6r ny sportslig framg\u00e5ng genomf\u00f6rs nu en omorganisation av den operativa ledningen d\u00e4r en ny tj\u00e4nst, vice VD, inf\u00f6rs.<\/p>\n<p>Ambitionen med omorganisationen \u00e4r att skapa h\u00e5llbara arbetsstrukturer f\u00f6r individer i ledande befattning och samtidigt ge b\u00e4sta m\u00f6jliga f\u00f6ruts\u00e4ttningar f\u00f6r en positiv utveckling av f\u00f6reningen.<\/p>\n<p>Till vice VD utses Niklas S\u00f6derstr\u00f6m som arbetat i Malm\u00f6 FF sedan 2008. Niklas S\u00f6derstr\u00f6m kommer n\u00e4rmast fr\u00e5n rollen som verksamhetsutvecklare och har tillh\u00f6rt f\u00f6reningens ledningsgrupp sedan 2021.<\/p>\n<p>Omorganisationen tr\u00e4der i kraft med omedelbar verkan.<\/p>\n<p><strong>Malm\u00f6 FF:s ledningsgrupp i sin helhet:<br \/><\/strong>Niclas Carln\u00e9n, VD (upps\u00e4gningstid till b\u00f6rjan av januari)<br \/>Niklas S\u00f6derstr\u00f6m, vice VD &amp; Driftschef<br \/>Anna Nordstr\u00f6m-Carlsson, Kommersiell chef<br \/>Nicklas Wigren, Ekonomichef<br \/>Bj\u00f6rg Bergsteinsson, HR-chef<br \/>Daniel Andersson, Sportchef<br \/>Malin Holmstr\u00f6m, VD-assistent<\/p>\n<p><strong>Anders P\u00e5lsson, ordf\u00f6rande:<\/strong><br \/>\u2013\u00a0Vi har under m\u00e5nga \u00e5r byggt en stark och v\u00e4xande f\u00f6rening. Genom att inf\u00f6ra tj\u00e4nsten som vice VD och utse Niklas S\u00f6derstr\u00f6m till den positionen skapar vi en tydligare ansvarsf\u00f6rdelning och bra f\u00f6ruts\u00e4ttningar f\u00f6r l\u00e5ngsiktigt god utveckling.<\/p>\n<p>\u2013\u00a0Niklas har l\u00e5ng erfarenhet i Malm\u00f6 FF och r\u00e4tt kompetens f\u00f6r att driva verksamhetsutveckling och operativa fr\u00e5gor inom den dagliga driften. Med denna f\u00f6r\u00e4ndring s\u00e4kerst\u00e4ller vi stabilitet i ledningen och ger Malm\u00f6 FF b\u00e4sta m\u00f6jliga f\u00f6ruts\u00e4ttningar att forts\u00e4tta v\u00e4xa \u2013 b\u00e5de p\u00e5 och utanf\u00f6r planen.<\/p>\n<p><strong>Niklas S\u00f6derstr\u00f6m, vice VD:<\/strong><br \/>\u2013 Malm\u00f6 FF och fotbollen har alltid varit en stor del av mitt liv. Jag har med \u00e5ren f\u00e5tt f\u00f6rm\u00e5nen att skapa mig erfarenhet fr\u00e5n flera delar av Malm\u00f6 FF:s verksamhet och det k\u00e4nns b\u00e5de hedrande och inspirerande att f\u00e5 ta ett \u00e4nnu st\u00f6rre ansvar f\u00f6r f\u00f6reningens fortsatta utveckling. Med engagemang och l\u00e5ngsiktighet ser jag fram emot att tillsammans med medlemmar, supportrar, partners och kollegor bygga vidare p\u00e5 den historik och det starka arbete som gjort Malm\u00f6 FF till den f\u00f6rening vi \u00e4r idag.<\/p>\n","protected":false},"excerpt":{"rendered":"Malm\u00f6 FF har sedan 2014 genomg\u00e5tt en omfattande expansion bland annat via ett kraftigt \u00f6kat medlemsantal, uppstart av&hellip;\n","protected":false},"author":2,"featured_media":58012,"comment_status":"","ping_status":"","sticky":false,"template":"","format":"standard","meta":{"footnotes":""},"categories":[5],"tags":[22,23,26,27,17,21,24,25,28,29,15,16,18,34,31,33,32,30,19,20],"class_list":{"0":"post-58011","1":"post","2":"type-post","3":"status-publish","4":"format-standard","5":"has-post-thumbnail","7":"category-rubriker","8":"tag-breaking-news","9":"tag-breakingnews","10":"tag-featured-news","11":"tag-featurednews","12":"tag-headlines","13":"tag-huvudnyheter","14":"tag-latest-news","15":"tag-latestnews","16":"tag-main-news","17":"tag-mainnews","18":"tag-news","19":"tag-nyheter","20":"tag-rubriker","21":"tag-se","22":"tag-svenska","23":"tag-sverige","24":"tag-sweden","25":"tag-swedish","26":"tag-top-stories","27":"tag-topstories"},"share_on_mastodon":{"url":"","error":""},"_links":{"self":[{"href":"https:\/\/www.europesays.com\/se\/wp-json\/wp\/v2\/posts\/58011","targetHints":{"allow":["GET"]}}],"collection":[{"href":"https:\/\/www.europesays.com\/se\/wp-json\/wp\/v2\/posts"}],"about":[{"href":"https:\/\/www.europesays.com\/se\/wp-json\/wp\/v2\/types\/post"}],"author":[{"embeddable":true,"href":"https:\/\/www.europesays.com\/se\/wp-json\/wp\/v2\/users\/2"}],"replies":[{"embeddable":true,"href":"https:\/\/www.europesays.com\/se\/wp-json\/wp\/v2\/comments?post=58011"}],"version-history":[{"count":0,"href":"https:\/\/www.europesays.com\/se\/wp-json\/wp\/v2\/posts\/58011\/revisions"}],"wp:featuredmedia":[{"embeddable":true,"href":"https:\/\/www.europesays.com\/se\/wp-json\/wp\/v2\/media\/58012"}],"wp:attachment":[{"href":"https:\/\/www.europesays.com\/se\/wp-json\/wp\/v2\/media?parent=58011"}],"wp:term":[{"taxonomy":"category","embeddable":true,"href":"https:\/\/www.europesays.com\/se\/wp-json\/wp\/v2\/categories?post=58011"},{"taxonomy":"post_tag","embeddable":true,"href":"https:\/\/www.europesays.com\/se\/wp-json\/wp\/v2\/tags?post=58011"}],"curies":[{"name":"wp","href":"https:\/\/api.w.org\/{rel}","templated":true}]}}