{"id":58042,"date":"2025-10-17T14:34:07","date_gmt":"2025-10-17T14:34:07","guid":{"rendered":"https:\/\/www.europesays.com\/se\/58042\/"},"modified":"2025-10-17T14:34:07","modified_gmt":"2025-10-17T14:34:07","slug":"skadespelaren-jacob-ericksson-ar-dod","status":"publish","type":"post","link":"https:\/\/www.europesays.com\/se\/58042\/","title":{"rendered":"Sk\u00e5despelaren Jacob Ericksson \u00e4r d\u00f6d"},"content":{"rendered":"<p>Sk\u00e5despelaren Jacob Ericksson \u00e4r d\u00f6d, meddelar Riksteatern i ett uttalande. <\/p>\n<p>Han har bland annat medverkat i filmer som \u201dAdam och Eva\u201d, \u201dMillennium\u201d-serien och \u201dTsatsiki, morsan och polisen\u201d. Han har ocks\u00e5 framtr\u00e4tt p\u00e5 flera stora teaterscener. <\/p>\n<p>\u2013 Jacob Ericksson var en varm och omt\u00e4nksam m\u00e4nniska med stor integritet, en egenskap som genomsyrade hans konstn\u00e4rskap, s\u00e4ger teaterchefen Drit\u00ebro Kasapi i ett uttalande. <\/p>\n<p>Ericksson blev 58 \u00e5r gammal. <\/p>\n<p>Omni \u00e4r politiskt obundna och oberoende. Vi str\u00e4var efter att ge fler perspektiv p\u00e5 nyheterna. Har du fr\u00e5gor eller synpunkter kring v\u00e5r rapportering? <a href=\"https:\/\/omni.se\/skadespelaren-jacob-ericksson-ar-dod\/a\/mailto:redaktion@omni.se\" class=\"ArticleActions_contactLink__W2F1M\" rel=\"nofollow noopener\" target=\"_blank\">Kontakta redaktionen<\/a><\/p>\n","protected":false},"excerpt":{"rendered":"Sk\u00e5despelaren Jacob Ericksson \u00e4r d\u00f6d, meddelar Riksteatern i ett uttalande. Han har bland annat medverkat i filmer som&hellip;\n","protected":false},"author":2,"featured_media":58043,"comment_status":"","ping_status":"","sticky":false,"template":"","format":"standard","meta":{"footnotes":""},"categories":[5],"tags":[22,23,26,27,168,17,21,5510,24,25,28,29,15,16,2329,18,34,31,33,32,30,19,20],"class_list":{"0":"post-58042","1":"post","2":"type-post","3":"status-publish","4":"format-standard","5":"has-post-thumbnail","7":"category-rubriker","8":"tag-breaking-news","9":"tag-breakingnews","10":"tag-featured-news","11":"tag-featurednews","12":"tag-film-tv","13":"tag-headlines","14":"tag-huvudnyheter","15":"tag-jacob-ericksson","16":"tag-latest-news","17":"tag-latestnews","18":"tag-main-news","19":"tag-mainnews","20":"tag-news","21":"tag-nyheter","22":"tag-riksteatern","23":"tag-rubriker","24":"tag-se","25":"tag-svenska","26":"tag-sverige","27":"tag-sweden","28":"tag-swedish","29":"tag-top-stories","30":"tag-topstories"},"share_on_mastodon":{"url":"","error":""},"_links":{"self":[{"href":"https:\/\/www.europesays.com\/se\/wp-json\/wp\/v2\/posts\/58042","targetHints":{"allow":["GET"]}}],"collection":[{"href":"https:\/\/www.europesays.com\/se\/wp-json\/wp\/v2\/posts"}],"about":[{"href":"https:\/\/www.europesays.com\/se\/wp-json\/wp\/v2\/types\/post"}],"author":[{"embeddable":true,"href":"https:\/\/www.europesays.com\/se\/wp-json\/wp\/v2\/users\/2"}],"replies":[{"embeddable":true,"href":"https:\/\/www.europesays.com\/se\/wp-json\/wp\/v2\/comments?post=58042"}],"version-history":[{"count":0,"href":"https:\/\/www.europesays.com\/se\/wp-json\/wp\/v2\/posts\/58042\/revisions"}],"wp:featuredmedia":[{"embeddable":true,"href":"https:\/\/www.europesays.com\/se\/wp-json\/wp\/v2\/media\/58043"}],"wp:attachment":[{"href":"https:\/\/www.europesays.com\/se\/wp-json\/wp\/v2\/media?parent=58042"}],"wp:term":[{"taxonomy":"category","embeddable":true,"href":"https:\/\/www.europesays.com\/se\/wp-json\/wp\/v2\/categories?post=58042"},{"taxonomy":"post_tag","embeddable":true,"href":"https:\/\/www.europesays.com\/se\/wp-json\/wp\/v2\/tags?post=58042"}],"curies":[{"name":"wp","href":"https:\/\/api.w.org\/{rel}","templated":true}]}}