{"id":58164,"date":"2025-10-17T18:07:08","date_gmt":"2025-10-17T18:07:08","guid":{"rendered":"https:\/\/www.europesays.com\/se\/58164\/"},"modified":"2025-10-17T18:07:08","modified_gmt":"2025-10-17T18:07:08","slug":"ikonen-christoffer-nyman-forlanger-med-norrkoping","status":"publish","type":"post","link":"https:\/\/www.europesays.com\/se\/58164\/","title":{"rendered":"Ikonen Christoffer Nyman f\u00f6rl\u00e4nger med Norrk\u00f6ping"},"content":{"rendered":"<p>IFK Norrk\u00f6ping-ikonen Christoffer Nyman f\u00f6rl\u00e4nger sitt kontrakt med den allsvenska klubben. \u201dTotte\u201d, som gjort flest allsvenska matcher f\u00f6r laget, stannar \u00f6ver s\u00e4songen 2030. <\/p>\n<p>\u2013 N\u00e4r vi b\u00f6rjade prata om framtiden och jag fick ett f\u00f6rslag om l\u00e4ngden blev jag lite paff, s\u00e4ger han i ett uttalande p\u00e5 klubbens hemsida. <\/p>\n<p>33-\u00e5ringen har gjort 332 framtr\u00e4danden i den h\u00f6gsta serien och passerade tidigare i h\u00f6st \u00c5ke Johansson. <\/p>\n<p>Omni \u00e4r politiskt obundna och oberoende. Vi str\u00e4var efter att ge fler perspektiv p\u00e5 nyheterna. Har du fr\u00e5gor eller synpunkter kring v\u00e5r rapportering? <a href=\"https:\/\/omni.se\/ikonen-christoffer-nyman-forlanger-med-norrkoping\/a\/mailto:redaktion@omni.se\" class=\"ArticleActions_contactLink__W2F1M\" rel=\"nofollow noopener\" target=\"_blank\">Kontakta redaktionen<\/a><\/p>\n","protected":false},"excerpt":{"rendered":"IFK Norrk\u00f6ping-ikonen Christoffer Nyman f\u00f6rl\u00e4nger sitt kontrakt med den allsvenska klubben. \u201dTotte\u201d, som gjort flest allsvenska matcher f\u00f6r&hellip;\n","protected":false},"author":2,"featured_media":58165,"comment_status":"","ping_status":"","sticky":false,"template":"","format":"standard","meta":{"footnotes":""},"categories":[68],"tags":[5518,138,4297,34,111,110,31,33,32,30],"class_list":{"0":"post-58164","1":"post","2":"type-post","3":"status-publish","4":"format-standard","5":"has-post-thumbnail","7":"category-sport","8":"tag-christoffer-nyman","9":"tag-fotboll","10":"tag-ifk-norrkoping","11":"tag-se","12":"tag-sport","13":"tag-sports","14":"tag-svenska","15":"tag-sverige","16":"tag-sweden","17":"tag-swedish"},"share_on_mastodon":{"url":"","error":""},"_links":{"self":[{"href":"https:\/\/www.europesays.com\/se\/wp-json\/wp\/v2\/posts\/58164","targetHints":{"allow":["GET"]}}],"collection":[{"href":"https:\/\/www.europesays.com\/se\/wp-json\/wp\/v2\/posts"}],"about":[{"href":"https:\/\/www.europesays.com\/se\/wp-json\/wp\/v2\/types\/post"}],"author":[{"embeddable":true,"href":"https:\/\/www.europesays.com\/se\/wp-json\/wp\/v2\/users\/2"}],"replies":[{"embeddable":true,"href":"https:\/\/www.europesays.com\/se\/wp-json\/wp\/v2\/comments?post=58164"}],"version-history":[{"count":0,"href":"https:\/\/www.europesays.com\/se\/wp-json\/wp\/v2\/posts\/58164\/revisions"}],"wp:featuredmedia":[{"embeddable":true,"href":"https:\/\/www.europesays.com\/se\/wp-json\/wp\/v2\/media\/58165"}],"wp:attachment":[{"href":"https:\/\/www.europesays.com\/se\/wp-json\/wp\/v2\/media?parent=58164"}],"wp:term":[{"taxonomy":"category","embeddable":true,"href":"https:\/\/www.europesays.com\/se\/wp-json\/wp\/v2\/categories?post=58164"},{"taxonomy":"post_tag","embeddable":true,"href":"https:\/\/www.europesays.com\/se\/wp-json\/wp\/v2\/tags?post=58164"}],"curies":[{"name":"wp","href":"https:\/\/api.w.org\/{rel}","templated":true}]}}