{"id":58195,"date":"2025-10-17T19:17:10","date_gmt":"2025-10-17T19:17:10","guid":{"rendered":"https:\/\/www.europesays.com\/se\/58195\/"},"modified":"2025-10-17T19:17:10","modified_gmt":"2025-10-17T19:17:10","slug":"skadespelaren-jacob-ericksson-dod","status":"publish","type":"post","link":"https:\/\/www.europesays.com\/se\/58195\/","title":{"rendered":"Sk\u00e5despelaren Jacob Ericksson d\u00f6d"},"content":{"rendered":"<p class=\"sc-c25743f0-0 sc-e37c0145-2 hObFds DQgPn\">Sk\u00e5despelaren Jacob Ericksson \u00e4r d\u00f6d. Det skriver Riksteatern i ett pressmeddelande. <\/p>\n<p class=\"sc-c25743f0-0 sc-e37c0145-2 hObFds DQgPn\">Han dog p\u00e5 fredagsf\u00f6rmiddagen efter en tids sjukdom. <\/p>\n<p class=\"sc-c25743f0-0 sc-e37c0145-2 hObFds DQgPn\">Under sin karri\u00e4r medverkade han i flera svenska storfilmer som Hannes Holm och M\u00e5ns Herngrens Adam och Eva, Stieg Larssons Millennium-serie och Spr\u00e4ngaren i regi av Colin Nutley.<\/p>\n<p class=\"sc-c25743f0-0 sc-e37c0145-2 hObFds DQgPn\">\u201dJacob Ericksson var en varm och omt\u00e4nksam m\u00e4nniska med stor integritet \u2013 en egenskap som genomsyrade hans konstn\u00e4rskap. Han n\u00f6jde sig aldrig, tog aldrig genv\u00e4gar i skapandet och levererade alltid komplexa, djupa och engagerande rolltolkningar\u201d, s\u00e4ger Riksteaterns teaterchef Drit\u00ebro Kasapi. <\/p>\n<p class=\"sc-c25743f0-0 sc-e37c0145-2 hObFds DQgPn\">Under h\u00f6sten skulle Ericksson ha \u00e5kt p\u00e5 riksteaterturn\u00e9 med D\u00f6dsdansen, men samarbetet fick avbrytas p\u00e5 grund av hans sjukdom. <\/p>\n<p class=\"sc-c25743f0-0 sc-e37c0145-2 hObFds DQgPn\">Jacob Ericksson blev 58 \u00e5r gammal.<\/p>\n<p>S\u00f6rjs av sk\u00e5despelarkollegorna: \u201dFruktansv\u00e4rt\u201d<\/p>\n<p class=\"sc-c25743f0-0 sc-e37c0145-2 hObFds DQgPn\">Gustaf Hammersten jobbade med Jacob Ericksson i serien V\u00e5ra v\u00e4nners liv och i Efter fem s\u00f6rjer han sk\u00e5despelaren och v\u00e4nnen. <\/p>\n<p class=\"sc-c25743f0-0 sc-e37c0145-2 hObFds DQgPn\">\u2013 Det \u00e4r fruktansv\u00e4rt, jag som k\u00e4nner s\u00e5 mycket sorg t\u00e4nker p\u00e5 hans barn och n\u00e4ra anh\u00f6riga. Man vill s\u00e4nda all k\u00e4rlek till dem f\u00f6rst och fr\u00e4mst, s\u00e4ger Hammersten. <\/p>\n<p class=\"sc-c25743f0-0 sc-e37c0145-2 hObFds DQgPn\">Han ber\u00e4ttar att han l\u00e4rde k\u00e4nna Ericksson n\u00e4r de b\u00e5da s\u00f6kte till scenskolan i G\u00f6teborg. <\/p>\n<p class=\"sc-c25743f0-0 sc-e37c0145-2 hObFds DQgPn\">\u2013 D\u00e5 kom jag hela v\u00e4gen till sista provet och d\u00e4r var Jacob med. Vi m\u00f6ttes ett g\u00e4ng p\u00e5 bar inf\u00f6r att vi skulle f\u00e5 besked om vilka av oss som skulle komma in p\u00e5 scenskolan. D\u00e5 t\u00e4nkte jag \u201dvilken fantastisk historieber\u00e4ttare, han kommer komma in\u201d. Och det gjorde han ocks\u00e5. Jag kom inte in, utan f\u00f6r mig tog det n\u00e5gra \u00e5r till. Redan d\u00e4r k\u00e4nde jag vilken fascinerande historieber\u00e4ttare och person han \u00e4r.<\/p>\n<p class=\"sc-c25743f0-0 sc-e37c0145-2 hObFds DQgPn\">Han beskriver Ericksson som \u201dstark och sk\u00f6r\u201d p\u00e5 samma g\u00e5ng och delar med sig av minnen fr\u00e5n n\u00e4r de jobbat tillsammans senare i karri\u00e4ren. <\/p>\n<p class=\"sc-c25743f0-0 sc-e37c0145-2 hObFds DQgPn\">\u2013 Det var som han inte hade n\u00e5gon sk\u00f6ld, hans hj\u00e4rta var p\u00e5 utsidan. B\u00e5de som som m\u00e4nniska och sk\u00e5despelare, vilket gjorde att man k\u00e4nde honom hela tiden. <\/p>\n<p>\u201dOtroligt beg\u00e5vad\u201d<\/p>\n<p class=\"sc-c25743f0-0 sc-e37c0145-2 hObFds DQgPn\">Alexandra Rapaport l\u00e4rde k\u00e4nna Ericksson redan 1999 n\u00e4r hon spelade mot honom i Tsatsiki, morsan och polisen och beskriver att det k\u00e4nns \u201doverkligt\u201d att n\u00e5gon som alltid funnits d\u00e4r inte finns d\u00e4r l\u00e4ngre.<\/p>\n<p class=\"sc-c25743f0-0 sc-e37c0145-2 hObFds DQgPn\">\u2013 Jag tyckte v\u00e4ldigt mycket om Jacob. Han var en v\u00e4ldigt, v\u00e4ldigt beg\u00e5vad sk\u00e5despelare och v\u00e4ldigt mycket m\u00e4nniska och v\u00e4ldigt filterl\u00f6s p\u00e5 ett fint s\u00e4tt. Han var ocks\u00e5 rolig att arbeta med. Jacob var s\u00e5 otroligt beg\u00e5vad, fin m\u00e4nniska, k\u00e4nslostark och innerlig person. Han var ocks\u00e5 s\u00e5 l\u00e4tt att prata med, s\u00e4ger hon till <a href=\"https:\/\/www.aftonbladet.se\/nojesbladet\/a\/Ey3OPj\/alexandra-rapaport-sorjer-jacob-ericksson-funnits-dar-jamt\" class=\"pcc\" target=\"_blank\" rel=\"noopener noreferrer nofollow\">Aftonbladet<\/a>. <\/p>\n<p class=\"sc-c25743f0-0 sc-e37c0145-2 hObFds DQgPn\">\u00c4ven Jakob Eklund \u00e4r n\u00e4ra v\u00e4n till Ericksson och har k\u00e4nt honom sedan scenskolan. <\/p>\n<p class=\"sc-c25743f0-0 sc-e37c0145-2 hObFds DQgPn\">\u2013 Jag \u00e4r s\u00e5 otroligt ledsen. Jag h\u00e5ller p\u00e5 att st\u00e4da ut huset h\u00e4r och har t\u00e4nkt \u201dhar jag lite tid \u00f6ver ska jag ringa och se hur det \u00e4r med Jacob\u201d f\u00f6r att jag visste att han f\u00f6rmodligen var sjuk eftersom han nyligen hoppat av en produktion. Men det hann jag aldrig g\u00f6ra. Och det \u00e4r ju s\u00e5 otroligt dumt, s\u00e4ger Eklund till <a href=\"https:\/\/www.expressen.se\/noje\/jacob-ericksson-ar-dod-blev-58-ar-gammal\/\" class=\"pcc\" target=\"_blank\" rel=\"noopener noreferrer nofollow\">Expressen<\/a>. <\/p>\n","protected":false},"excerpt":{"rendered":"Sk\u00e5despelaren Jacob Ericksson \u00e4r d\u00f6d. Det skriver Riksteatern i ett pressmeddelande. Han dog p\u00e5 fredagsf\u00f6rmiddagen efter en tids&hellip;\n","protected":false},"author":2,"featured_media":58196,"comment_status":"","ping_status":"","sticky":false,"template":"","format":"standard","meta":{"footnotes":""},"categories":[5],"tags":[22,23,26,27,17,21,24,25,28,29,15,16,18,34,31,33,32,30,19,20],"class_list":{"0":"post-58195","1":"post","2":"type-post","3":"status-publish","4":"format-standard","5":"has-post-thumbnail","7":"category-rubriker","8":"tag-breaking-news","9":"tag-breakingnews","10":"tag-featured-news","11":"tag-featurednews","12":"tag-headlines","13":"tag-huvudnyheter","14":"tag-latest-news","15":"tag-latestnews","16":"tag-main-news","17":"tag-mainnews","18":"tag-news","19":"tag-nyheter","20":"tag-rubriker","21":"tag-se","22":"tag-svenska","23":"tag-sverige","24":"tag-sweden","25":"tag-swedish","26":"tag-top-stories","27":"tag-topstories"},"share_on_mastodon":{"url":"","error":""},"_links":{"self":[{"href":"https:\/\/www.europesays.com\/se\/wp-json\/wp\/v2\/posts\/58195","targetHints":{"allow":["GET"]}}],"collection":[{"href":"https:\/\/www.europesays.com\/se\/wp-json\/wp\/v2\/posts"}],"about":[{"href":"https:\/\/www.europesays.com\/se\/wp-json\/wp\/v2\/types\/post"}],"author":[{"embeddable":true,"href":"https:\/\/www.europesays.com\/se\/wp-json\/wp\/v2\/users\/2"}],"replies":[{"embeddable":true,"href":"https:\/\/www.europesays.com\/se\/wp-json\/wp\/v2\/comments?post=58195"}],"version-history":[{"count":0,"href":"https:\/\/www.europesays.com\/se\/wp-json\/wp\/v2\/posts\/58195\/revisions"}],"wp:featuredmedia":[{"embeddable":true,"href":"https:\/\/www.europesays.com\/se\/wp-json\/wp\/v2\/media\/58196"}],"wp:attachment":[{"href":"https:\/\/www.europesays.com\/se\/wp-json\/wp\/v2\/media?parent=58195"}],"wp:term":[{"taxonomy":"category","embeddable":true,"href":"https:\/\/www.europesays.com\/se\/wp-json\/wp\/v2\/categories?post=58195"},{"taxonomy":"post_tag","embeddable":true,"href":"https:\/\/www.europesays.com\/se\/wp-json\/wp\/v2\/tags?post=58195"}],"curies":[{"name":"wp","href":"https:\/\/api.w.org\/{rel}","templated":true}]}}