{"id":58225,"date":"2025-10-17T20:57:11","date_gmt":"2025-10-17T20:57:11","guid":{"rendered":"https:\/\/www.europesays.com\/se\/58225\/"},"modified":"2025-10-17T20:57:11","modified_gmt":"2025-10-17T20:57:11","slug":"direkt-kriget-i-ukraina-inga-loften-om-tomahawkrobotar-till-zelenskyj-i-vita-huset","status":"publish","type":"post","link":"https:\/\/www.europesays.com\/se\/58225\/","title":{"rendered":"Direkt Kriget i Ukraina &#8211; Inga l\u00f6ften om Tomahawkrobotar till Zelenskyj i Vita huset"},"content":{"rendered":"<p><img decoding=\"async\" class=\"picture__img\" src=\"https:\/\/www.europesays.com\/se\/wp-content\/uploads\/2025\/10\/1760734631_857_image.jpg\" loading=\"lazy\"   alt=\"\" aria-hidden=\"true\"\/>Ukrainska presidentens tredje bes\u00f6k hos Trump.<\/p>\n<p>Volodymyr Zelenskyj uppger att han haft ett produktivt m\u00f6te i Vita huset, s\u00e4ger han p\u00e5 en presskonferens efter\u00e5t.<\/p>\n<p>Han och Donald Trump avhandlade en rad \u00e4mnen, inklusive luftv\u00e4rn, enligt Zelenskyj. Den ukrainske presidenten vill dock inte uttala sig kring vad som sas om l\u00e5ngdistansrobotar.<\/p>\n<p>\u2013 Vi best\u00e4mde oss f\u00f6r att inte prata om det eftersom ingen vill, USA vill inte ha en upptrappning, s\u00e4ger Zelenskyj.<\/p>\n<p>H\u00f6gt upp p\u00e5 Ukrainas \u00f6nskelista inf\u00f6r bes\u00f6ket stod amerikanska Tomahawk-robotar, f\u00f6r att kunna genomf\u00f6ra attacker l\u00e4ngre in i Ryssland.<\/p>\n<p>En annan sak som togs upp \u00e4r s\u00e4kerhetsgarantier, enligt Zelenskyj.<\/p>\n<p>De tv\u00e5 ledarna pratade inte om ukrainska attacker mot ryska energisystem, enligt \u00a0Zelenskyj. De tv\u00e5 ledarna hann inte prata om allt, och m\u00f6tet kommer att kompletteras med ett telefonsamtal i n\u00e4rhet, enligt den ukrainske presidenten.<\/p>\n","protected":false},"excerpt":{"rendered":"Ukrainska presidentens tredje bes\u00f6k hos Trump. Volodymyr Zelenskyj uppger att han haft ett produktivt m\u00f6te i Vita huset,&hellip;\n","protected":false},"author":2,"featured_media":58226,"comment_status":"","ping_status":"","sticky":false,"template":"","format":"standard","meta":{"footnotes":""},"categories":[5],"tags":[22,23,26,27,17,21,24,25,28,29,15,16,18,34,31,33,32,30,19,20],"class_list":{"0":"post-58225","1":"post","2":"type-post","3":"status-publish","4":"format-standard","5":"has-post-thumbnail","7":"category-rubriker","8":"tag-breaking-news","9":"tag-breakingnews","10":"tag-featured-news","11":"tag-featurednews","12":"tag-headlines","13":"tag-huvudnyheter","14":"tag-latest-news","15":"tag-latestnews","16":"tag-main-news","17":"tag-mainnews","18":"tag-news","19":"tag-nyheter","20":"tag-rubriker","21":"tag-se","22":"tag-svenska","23":"tag-sverige","24":"tag-sweden","25":"tag-swedish","26":"tag-top-stories","27":"tag-topstories"},"share_on_mastodon":{"url":"","error":""},"_links":{"self":[{"href":"https:\/\/www.europesays.com\/se\/wp-json\/wp\/v2\/posts\/58225","targetHints":{"allow":["GET"]}}],"collection":[{"href":"https:\/\/www.europesays.com\/se\/wp-json\/wp\/v2\/posts"}],"about":[{"href":"https:\/\/www.europesays.com\/se\/wp-json\/wp\/v2\/types\/post"}],"author":[{"embeddable":true,"href":"https:\/\/www.europesays.com\/se\/wp-json\/wp\/v2\/users\/2"}],"replies":[{"embeddable":true,"href":"https:\/\/www.europesays.com\/se\/wp-json\/wp\/v2\/comments?post=58225"}],"version-history":[{"count":0,"href":"https:\/\/www.europesays.com\/se\/wp-json\/wp\/v2\/posts\/58225\/revisions"}],"wp:featuredmedia":[{"embeddable":true,"href":"https:\/\/www.europesays.com\/se\/wp-json\/wp\/v2\/media\/58226"}],"wp:attachment":[{"href":"https:\/\/www.europesays.com\/se\/wp-json\/wp\/v2\/media?parent=58225"}],"wp:term":[{"taxonomy":"category","embeddable":true,"href":"https:\/\/www.europesays.com\/se\/wp-json\/wp\/v2\/categories?post=58225"},{"taxonomy":"post_tag","embeddable":true,"href":"https:\/\/www.europesays.com\/se\/wp-json\/wp\/v2\/tags?post=58225"}],"curies":[{"name":"wp","href":"https:\/\/api.w.org\/{rel}","templated":true}]}}