{"id":58228,"date":"2025-10-17T21:05:08","date_gmt":"2025-10-17T21:05:08","guid":{"rendered":"https:\/\/www.europesays.com\/se\/58228\/"},"modified":"2025-10-17T21:05:08","modified_gmt":"2025-10-17T21:05:08","slug":"romano-potter-skriver-korttidskontrakt-med-blagult","status":"publish","type":"post","link":"https:\/\/www.europesays.com\/se\/58228\/","title":{"rendered":"Romano: Potter skriver korttidskontrakt med Bl\u00e5gult"},"content":{"rendered":"<p><strong>SVFF \u00e4r n\u00e4ra \u00f6verenskommelse med Graham Potter som ny f\u00f6rbundskapten f\u00f6r herrlandslaget.<\/strong><br \/><strong>Enligt transferjournslistexperten Fabrizio Romano g\u00e4ller det till en b\u00f6rjan ett avtal fram till mars.<br \/><\/strong><\/p>\n<p>Tidigare i dag kom uppgifter om att den tidigare Premier League-tr\u00e4naren Graham Potter \u00e4r n\u00e4ra att ta \u00f6ver landslaget.<\/p>\n<p>Utvecklingen kring f\u00f6rbundskaptenjobbet forts\u00e4tter under kv\u00e4llen och en l\u00f6sning verkar vara allt n\u00e4rmre. <\/p>\n<p>Transferjournslistexperten<strong> Fabrizio Romano <\/strong>kommer n\u00e4mligen med uppgifter om att avtalet inledningsvis kommer g\u00e4lla kortsiktigt, fram till mars, med huvudfokus att n\u00e5 VM 2026.<\/p>\n<blockquote class=\"twitter-tweet\">\n<p lang=\"en\" dir=\"ltr\">\ud83d\udea8\ud83c\uddf8\ud83c\uddea Swedish Federation closing in on appointing Graham Potter as new head coach.<\/p>\n<p>Initial short term deal until March to focus on getting to the World Cup 2026.<\/p>\n<p>Potter wants to help the country that gave him his break in football. Talks at final stages. <a href=\"https:\/\/t.co\/S0UZfbE0Yq\" rel=\"nofollow\">pic.twitter.com\/S0UZfbE0Yq<\/a><\/p>\n<p>\u2014 Fabrizio Romano (@FabrizioRomano) <a href=\"https:\/\/twitter.com\/FabrizioRomano\/status\/1979219209100853578?ref_src=twsrc%5Etfw\" rel=\"nofollow noopener\" target=\"_blank\">October 17, 2025<\/a><\/p>\n<\/blockquote>\n<p><script async src=\"https:\/\/platform.twitter.com\/widgets.js\" charset=\"utf-8\"><\/script><\/p>\n","protected":false},"excerpt":{"rendered":"SVFF \u00e4r n\u00e4ra \u00f6verenskommelse med Graham Potter som ny f\u00f6rbundskapten f\u00f6r herrlandslaget.Enligt transferjournslistexperten Fabrizio Romano g\u00e4ller det till&hellip;\n","protected":false},"author":2,"featured_media":58229,"comment_status":"","ping_status":"","sticky":false,"template":"","format":"standard","meta":{"footnotes":""},"categories":[5],"tags":[22,23,26,27,17,754,21,24,25,28,29,15,16,18,34,31,33,32,30,19,20],"class_list":{"0":"post-58228","1":"post","2":"type-post","3":"status-publish","4":"format-standard","5":"has-post-thumbnail","7":"category-rubriker","8":"tag-breaking-news","9":"tag-breakingnews","10":"tag-featured-news","11":"tag-featurednews","12":"tag-headlines","13":"tag-huvudblock","14":"tag-huvudnyheter","15":"tag-latest-news","16":"tag-latestnews","17":"tag-main-news","18":"tag-mainnews","19":"tag-news","20":"tag-nyheter","21":"tag-rubriker","22":"tag-se","23":"tag-svenska","24":"tag-sverige","25":"tag-sweden","26":"tag-swedish","27":"tag-top-stories","28":"tag-topstories"},"share_on_mastodon":{"url":"","error":""},"_links":{"self":[{"href":"https:\/\/www.europesays.com\/se\/wp-json\/wp\/v2\/posts\/58228","targetHints":{"allow":["GET"]}}],"collection":[{"href":"https:\/\/www.europesays.com\/se\/wp-json\/wp\/v2\/posts"}],"about":[{"href":"https:\/\/www.europesays.com\/se\/wp-json\/wp\/v2\/types\/post"}],"author":[{"embeddable":true,"href":"https:\/\/www.europesays.com\/se\/wp-json\/wp\/v2\/users\/2"}],"replies":[{"embeddable":true,"href":"https:\/\/www.europesays.com\/se\/wp-json\/wp\/v2\/comments?post=58228"}],"version-history":[{"count":0,"href":"https:\/\/www.europesays.com\/se\/wp-json\/wp\/v2\/posts\/58228\/revisions"}],"wp:featuredmedia":[{"embeddable":true,"href":"https:\/\/www.europesays.com\/se\/wp-json\/wp\/v2\/media\/58229"}],"wp:attachment":[{"href":"https:\/\/www.europesays.com\/se\/wp-json\/wp\/v2\/media?parent=58228"}],"wp:term":[{"taxonomy":"category","embeddable":true,"href":"https:\/\/www.europesays.com\/se\/wp-json\/wp\/v2\/categories?post=58228"},{"taxonomy":"post_tag","embeddable":true,"href":"https:\/\/www.europesays.com\/se\/wp-json\/wp\/v2\/tags?post=58228"}],"curies":[{"name":"wp","href":"https:\/\/api.w.org\/{rel}","templated":true}]}}