{"id":58297,"date":"2025-10-18T02:12:24","date_gmt":"2025-10-18T02:12:24","guid":{"rendered":"https:\/\/www.europesays.com\/se\/58297\/"},"modified":"2025-10-18T02:12:24","modified_gmt":"2025-10-18T02:12:24","slug":"tv4-profilens-namn-i-kvinnans-mobil-atalas-for-sexkop","status":"publish","type":"post","link":"https:\/\/www.europesays.com\/se\/58297\/","title":{"rendered":"TV4-profilens namn i kvinnans mobil \u2013 \u00e5talas f\u00f6r sexk\u00f6p"},"content":{"rendered":"<p>Den v\u00e4lk\u00e4nda TV4-profilen bad kvinnan b\u00e4ra tights inf\u00f6r deras m\u00f6te.<\/p>\n<p>\u2013 Han skriver: \u201dJag har ocks\u00e5 en grej f\u00f6r tr\u00e4ningskl\u00e4der\u201d, s\u00e4ger \u00e5klagare Kristoffer K\u00e5gstr\u00f6m.<\/p>\n<p>Mannen p\u00e5st\u00e5r sj\u00e4lv att han inte k\u00f6pt sex och att m\u00f6tet var en del av hans arbete \u2013 i hennes telefon heter han samtidigt:<\/p>\n<p>\u201dTrevlig lite knubbig svensk man (\u00e5lder) knullade l\u00e4nge.\u201d<\/p>\n<p>Senaste nyhetsklippen fr\u00e5n Expressen.<img   alt=\"\"\/><\/p>\n<p>I den prostituerade kvinnan mobil beskrevs TV4-profilen som: \u201dTrevlig lite knubbig svensk man (\u00e5lder) knullade l\u00e4nge\u201d.<\/p>\n<p>\u00d6ppna bild i helsk\u00e4rm<img loading=\"lazy\"   alt=\"\"\/><\/p>\n<p>TV4-profilen \u00e5talas f\u00f6r sexk\u00f6p.<\/p>\n<p>Foto: Patrik C \u00d6sterberg \/ STELLA PICTURES<\/p>\n<p>\u00d6ppna bild i helsk\u00e4rm<\/p>\n<p><a href=\"https:\/\/www.expressen.se\/tagg\/organization\/tv4\/\" class=\"\" rel=\"nofollow noopener\" target=\"_blank\">TV4<\/a>-profilen menar enligt \u00e5klagaren att han tog \u201dkontakt med en eskort inom ramen f\u00f6r ett journalistiskt uppdrag\u201d under den aktuella perioden 2023. Nu \u00e5talas han f\u00f6r k\u00f6p av sexuell tj\u00e4nst.<\/p>\n<p>I f\u00f6rh\u00f6r med kvinnan har hon i detalj beskrivit sin verksamhet och hur hon f\u00f6r anteckningar \u00f6ver kunder. Kvinnan har inte kunnat g\u00f6ra ett direkt utpekande av TV4-mannen, men enligt Kristoffer K\u00e5gstr\u00f6m har hon varit best\u00e4md med att hon inte blivit utfr\u00e5gad av n\u00e5gon journalist.<\/p>\n<p>P\u00e5 fr\u00e5gan om hon blivit intervjuad av en journalist som g\u00e5tt under cover som sexk\u00f6pare svarar hon:\u00a0<\/p>\n<p>\u2013 Nej aldrig. \u00a0<\/p>\n<p><strong>Om du hade g\u00e5tt ut och tagit en promenad med en journalist p\u00e5 det h\u00e4r s\u00e4ttet. Hade du kommit ih\u00e5g det?<\/strong><\/p>\n<p>\u2013 Ja, det hade jag.<\/p>\n<p>Hon har namngett sexk\u00f6pare i sin telefon med namn som till exempel: Trevlig utl\u00e4ndsk man gift vill k\u00f6pa kattunge\u201d eller \u201dSnabbis bor i Handen\u201d, samt skrivit upp kortare anteckningar om speciella \u00f6nskem\u00e5l och liknande.<\/p>\n<p>\u00c5klagaren: Viktigaste bevisningen<\/p>\n<p>\u00c5klagaren beskriver verksamheten som \u201drelativt omfattande\u201d.<\/p>\n<p>TV4-mannen har i kvinnans telefon d\u00f6pts till: \u201dTrevlig lite knubbig svensk man (\u00e5lder) knullade l\u00e4nge\u201d.<\/p>\n<p>\u2013 Detta menar jag, tillsammans med kvinnans egen redog\u00f6relse f\u00f6r hur hon bedriver sin verksamhet utg\u00f6r den viktigaste bevisningen, s\u00e4ger \u00e5klagaren.<\/p>\n<p>Det g\u00e5r inte att se exakt n\u00e4r anteckningen \u00e4r gjord i telefonen.<\/p>\n<p>Kristoffer K\u00e5gstr\u00f6m ber\u00e4ttar ocks\u00e5 att det finns chattar mellan mannen och kvinnan, d\u00e4r han bland annat s\u00e4ger att mannen har kommit med specifika \u00f6nskem\u00e5l om hur kvinnan ska kl\u00e4 sig<\/p>\n<p>\u2013 Han skriver: \u201dJag har ocks\u00e5 en grej f\u00f6r tr\u00e4ningskl\u00e4der, tights. Det spelar inte s\u00e5 stor roll, men har du s\u00e5dana \u00e4r det uppskattat\u201d.<\/p>\n<p>Mannens f\u00f6rklaring<\/p>\n<p>Enligt \u00e5klagaren menar mannen att det handlade om att han vill f\u00f6rs\u00e4kra sig om att kvinnan skulle vara p\u00e5kl\u00e4dd n\u00e4r han kom dit.<\/p>\n<p>\u2013 Jag st\u00e4ller mig fr\u00e5gande till det med tanke p\u00e5 hur specifika \u00f6nskem\u00e5l det handlade om.<\/p>\n<p>Mannens <a href=\"https:\/\/www.expressen.se\/noje\/tv4-profil-atalas-for-sexkop-2oqbj\" rel=\"nofollow noopener\" target=\"_blank\">advokat Henrik Olsson Lilja s\u00e4ger<\/a> att personerna inte haft sex och att f\u00f6rsvaret har beg\u00e4rt kompletteringar.<\/p>\n<p>\u2013 Vi tror att \u00e5tal inte hade v\u00e4ckts om de h\u00e4r kompletteringarna hade gjorts, s\u00e4ger han.<\/p>\n<p>Enligt TV4 har mannen tagits ur tj\u00e4nst under tiden som r\u00e4ttsprocessen p\u00e5g\u00e5r.<\/p>\n<p>\u201dPrecis som vi tidigare har sagt kan vi bekr\u00e4fta att det har funnits ett journalistiskt uppdrag\u201d, skriver Karin Nyman, kommunikationsdirekt\u00f6r, i ett sms.<\/p>\n<p><strong>L\u00c4S MER: <\/strong><a href=\"https:\/\/www.expressen.se\/noje\/kvinnans-egna-ord-om-sexkopen-tv4-profilen-misstanks\/\" class=\"\" rel=\"nofollow noopener\" target=\"_blank\">Kvinnans egna ord om sexk\u00f6pen \u2013 TV4-profilen misst\u00e4nks<\/a><img alt=\"\"\/>Ljudklippet gick inte att spela upp<\/p>\n<p>F\u00f6rs\u00f6k igen senare<\/p>\n","protected":false},"excerpt":{"rendered":"Den v\u00e4lk\u00e4nda TV4-profilen bad kvinnan b\u00e4ra tights inf\u00f6r deras m\u00f6te. \u2013 Han skriver: \u201dJag har ocks\u00e5 en grej&hellip;\n","protected":false},"author":2,"featured_media":58298,"comment_status":"","ping_status":"","sticky":false,"template":"","format":"standard","meta":{"footnotes":""},"categories":[5],"tags":[22,23,26,27,17,21,24,25,28,29,15,5449,16,384,18,34,31,33,32,30,19,136,20],"class_list":{"0":"post-58297","1":"post","2":"type-post","3":"status-publish","4":"format-standard","5":"has-post-thumbnail","7":"category-rubriker","8":"tag-breaking-news","9":"tag-breakingnews","10":"tag-featured-news","11":"tag-featurednews","12":"tag-headlines","13":"tag-huvudnyheter","14":"tag-latest-news","15":"tag-latestnews","16":"tag-main-news","17":"tag-mainnews","18":"tag-news","19":"tag-newsstory-kand-tv4-profil-atalas-for-sexkop","20":"tag-nyheter","21":"tag-organization-tv4","22":"tag-rubriker","23":"tag-se","24":"tag-svenska","25":"tag-sverige","26":"tag-sweden","27":"tag-swedish","28":"tag-top-stories","29":"tag-topic-rattegangar-domar","30":"tag-topstories"},"share_on_mastodon":{"url":"","error":""},"_links":{"self":[{"href":"https:\/\/www.europesays.com\/se\/wp-json\/wp\/v2\/posts\/58297","targetHints":{"allow":["GET"]}}],"collection":[{"href":"https:\/\/www.europesays.com\/se\/wp-json\/wp\/v2\/posts"}],"about":[{"href":"https:\/\/www.europesays.com\/se\/wp-json\/wp\/v2\/types\/post"}],"author":[{"embeddable":true,"href":"https:\/\/www.europesays.com\/se\/wp-json\/wp\/v2\/users\/2"}],"replies":[{"embeddable":true,"href":"https:\/\/www.europesays.com\/se\/wp-json\/wp\/v2\/comments?post=58297"}],"version-history":[{"count":0,"href":"https:\/\/www.europesays.com\/se\/wp-json\/wp\/v2\/posts\/58297\/revisions"}],"wp:featuredmedia":[{"embeddable":true,"href":"https:\/\/www.europesays.com\/se\/wp-json\/wp\/v2\/media\/58298"}],"wp:attachment":[{"href":"https:\/\/www.europesays.com\/se\/wp-json\/wp\/v2\/media?parent=58297"}],"wp:term":[{"taxonomy":"category","embeddable":true,"href":"https:\/\/www.europesays.com\/se\/wp-json\/wp\/v2\/categories?post=58297"},{"taxonomy":"post_tag","embeddable":true,"href":"https:\/\/www.europesays.com\/se\/wp-json\/wp\/v2\/tags?post=58297"}],"curies":[{"name":"wp","href":"https:\/\/api.w.org\/{rel}","templated":true}]}}