{"id":58319,"date":"2025-10-18T04:55:08","date_gmt":"2025-10-18T04:55:08","guid":{"rendered":"https:\/\/www.europesays.com\/se\/58319\/"},"modified":"2025-10-18T04:55:08","modified_gmt":"2025-10-18T04:55:08","slug":"hakan-hellstroms-egna-ord-om-sitt-nya-album-svensk-rost","status":"publish","type":"post","link":"https:\/\/www.europesays.com\/se\/58319\/","title":{"rendered":"H\u00e5kan Hellstr\u00f6ms egna ord om sitt nya album Svensk rost"},"content":{"rendered":"<p>Publicerad 17 okt 2025 kl 15.30<\/p>\n<p>\u201dSchlagers\u201d och \u201dinget f\u00f6rs\u00f6k att s\u00e4ga n\u00e5got egentligen\u201d.<\/p>\n<p>S\u00e5 beskriver H\u00e5kan Hellstr\u00f6m sitt nya album.<\/p>\n<p>Artisten ber\u00e4ttar nu om tankarna bakom nya albumet \u201dSvensk rost\u201d.<\/p>\n<p><img   alt=\"\"\/><\/p>\n<p>H\u00e5kan Hellstr\u00f6m p\u00e5 scenen.<\/p>\n<p>Foto: TOMMY HOLL \/ STELLA PICTURES<\/p>\n<p>\u00d6ppna bild i helsk\u00e4rm<img loading=\"lazy\"   alt=\"\"\/><\/p>\n<p>H\u00e5kan Hellstr\u00f6m har sl\u00e4ppt nytt.<\/p>\n<p>Foto: HANNA BRUNL\u00d6F<\/p>\n<p>\u00d6ppna bild i helsk\u00e4rm<\/p>\n<p>F\u00f6r n\u00e4stan exakt 25 \u00e5r sedan sl\u00e4ppte <a href=\"https:\/\/www.expressen.se\/tagg\/person\/hakan-hellstrom\/\" class=\"\" rel=\"nofollow noopener\" target=\"_blank\">H\u00e5kan Hellstr\u00f6m<\/a>, 51, debutalbumet \u201dK\u00e4nn ingen sorg f\u00f6r mig G\u00f6teborg\u201d.<\/p>\n<p>Sedan dess har det blivit m\u00e5nga plattor och l\u00e5tar.<\/p>\n<p>Nu sl\u00e4pper artisten nya skivan \u201dSvensk rost\u201d som mestadels hyllas av kritikerna. Bland annat av <a href=\"https:\/\/www.expressen.se\/noje\/musik\/hakan-hellstroms-vastkustsoul-vill-aldrig-ga-hem\/\" rel=\"nofollow noopener\" target=\"_blank\">Expressens Kristin Lundell<\/a> som beskriver det som en \u201dhelkv\u00e4ll med v\u00e4stkustsoul och schlagerstr\u00e5kar\u201d.\u00a0<\/p>\n<p>G\u00f6teborgsartisten ber\u00e4ttar nu vad tanken bakom skivan \u00e4r.<\/p>\n<p>\u201dDen h\u00e4r skivan \u00e4r mjukare. Skulle n\u00e4stan s\u00e4ga schlagers, fast av den \u00e4ldre skolan. \u2019Michelangelo\u2019. \u2019Det blir alltid v\u00e4rre fram\u00e5t natten\u2019. \u2019H\u00e4rligt, h\u00e4rligt men farligt, farligt\u2019. Det kanske \u00e4r en tid jag t\u00e4nker p\u00e5 egentligen\u201d, skriver H\u00e5kan Hellstr\u00f6m p\u00e5 Instagram och ber\u00e4ttar att han har inspirerats av en tid n\u00e4r han var liten och k\u00e4nde sig trygg.<\/p>\n<p><a href=\"https:\/\/www.instagram.com\/p\/DP52N1cjdSp\/?img_index=1?hidecaption=true\" data-provider=\"instagram\" class=\"js-social-embed\" rel=\"nofollow noopener\" target=\"_blank\">https:\/\/www.instagram.com\/p\/DP52N1cjdSp\/?img_index=1?hidecaption=true<\/a><\/p>\n<p>Men till skillnad fr\u00e5n flera andra artister vill han egentligen inte s\u00e4ga n\u00e5got med skivan.<\/p>\n<p>\u201dDet h\u00e4r \u00e4r en samling feelgoods. Ett knippe evergreens, min v\u00e4n. Evergreens\u201d, avslutar Hellstr\u00f6m sitt inl\u00e4gg.<\/p>\n<p><script async src=\"\/\/www.instagram.com\/embed.js\"><\/script><\/p>\n","protected":false},"excerpt":{"rendered":"Publicerad 17 okt 2025 kl 15.30 \u201dSchlagers\u201d och \u201dinget f\u00f6rs\u00f6k att s\u00e4ga n\u00e5got egentligen\u201d. S\u00e5 beskriver H\u00e5kan Hellstr\u00f6m&hellip;\n","protected":false},"author":2,"featured_media":58320,"comment_status":"","ping_status":"","sticky":false,"template":"","format":"standard","meta":{"footnotes":""},"categories":[67],"tags":[104,239,4084,34,775,31,33,32,30,402,105],"class_list":{"0":"post-58319","1":"post","2":"type-post","3":"status-publish","4":"format-standard","5":"has-post-thumbnail","7":"category-underhallning","8":"tag-entertainment","9":"tag-location-goteborg","10":"tag-person-hakan-hellstrom","11":"tag-se","12":"tag-sections-musik","13":"tag-svenska","14":"tag-sverige","15":"tag-sweden","16":"tag-swedish","17":"tag-topic-artister","18":"tag-underhallning"},"share_on_mastodon":{"url":"","error":""},"_links":{"self":[{"href":"https:\/\/www.europesays.com\/se\/wp-json\/wp\/v2\/posts\/58319","targetHints":{"allow":["GET"]}}],"collection":[{"href":"https:\/\/www.europesays.com\/se\/wp-json\/wp\/v2\/posts"}],"about":[{"href":"https:\/\/www.europesays.com\/se\/wp-json\/wp\/v2\/types\/post"}],"author":[{"embeddable":true,"href":"https:\/\/www.europesays.com\/se\/wp-json\/wp\/v2\/users\/2"}],"replies":[{"embeddable":true,"href":"https:\/\/www.europesays.com\/se\/wp-json\/wp\/v2\/comments?post=58319"}],"version-history":[{"count":0,"href":"https:\/\/www.europesays.com\/se\/wp-json\/wp\/v2\/posts\/58319\/revisions"}],"wp:featuredmedia":[{"embeddable":true,"href":"https:\/\/www.europesays.com\/se\/wp-json\/wp\/v2\/media\/58320"}],"wp:attachment":[{"href":"https:\/\/www.europesays.com\/se\/wp-json\/wp\/v2\/media?parent=58319"}],"wp:term":[{"taxonomy":"category","embeddable":true,"href":"https:\/\/www.europesays.com\/se\/wp-json\/wp\/v2\/categories?post=58319"},{"taxonomy":"post_tag","embeddable":true,"href":"https:\/\/www.europesays.com\/se\/wp-json\/wp\/v2\/tags?post=58319"}],"curies":[{"name":"wp","href":"https:\/\/api.w.org\/{rel}","templated":true}]}}