{"id":58329,"date":"2025-10-18T05:16:10","date_gmt":"2025-10-18T05:16:10","guid":{"rendered":"https:\/\/www.europesays.com\/se\/58329\/"},"modified":"2025-10-18T05:16:10","modified_gmt":"2025-10-18T05:16:10","slug":"regeringen-vill-straffa-13-aringar-aven-om-brotten-inte-minskar-inte-syftet","status":"publish","type":"post","link":"https:\/\/www.europesays.com\/se\/58329\/","title":{"rendered":"Regeringen vill straffa 13-\u00e5ringar \u2013 \u00e4ven om brotten inte minskar: \u201dInte syftet\u201d"},"content":{"rendered":"<p>Regeringen vill att straffmyndighets\u00e5ldern f\u00f6r grova brott s\u00e4nks till 13 \u00e5r \u2013 \u00e4ven om det inte leder till att brottsligheten minskar. Det s\u00e4ger justitieminister Gunnar Str\u00f6mmer (M) i Ekots l\u00f6rdagsintervju. <\/p>\n<p>\u2013 Syftet \u00e4r prim\u00e4rt inte det. Syftet \u00e4r att skydda samh\u00e4llet mot farliga individer och ge uppr\u00e4ttelse \u00e5t de brottsoffer som drabbats, s\u00e4ger Str\u00f6mmer. <\/p>\n<p>F\u00f6rslaget har f\u00e5tt h\u00e5rd kritik b\u00e5de av experter och flera tunga remissinstanser, bland annat eftersom g\u00e4ngen kan komma att b\u00f6rja rekrytera \u00e4nnu yngre barn. <\/p>\n<p>Enligt Str\u00f6mmer \u00e4r tanken att lagen ska inf\u00f6ras tillf\u00e4lligt under fem \u00e5r. Efter halva tiden ska det ske en utv\u00e4rdering f\u00f6r att se vad konsekvenserna har blivit och om lagen ska permanentas eller tas bort.<\/p>\n<p>Omni \u00e4r politiskt obundna och oberoende. Vi str\u00e4var efter att ge fler perspektiv p\u00e5 nyheterna. Har du fr\u00e5gor eller synpunkter kring v\u00e5r rapportering? <a href=\"https:\/\/omni.se\/regeringen-vill-straffa-13-aringar-aven-om-brotten-inte-minskar-ar-inte-syftet\/a\/mailto:redaktion@omni.se\" class=\"ArticleActions_contactLink__W2F1M\" rel=\"nofollow noopener\" target=\"_blank\">Kontakta redaktionen<\/a><\/p>\n","protected":false},"excerpt":{"rendered":"Regeringen vill att straffmyndighets\u00e5ldern f\u00f6r grova brott s\u00e4nks till 13 \u00e5r \u2013 \u00e4ven om det inte leder till&hellip;\n","protected":false},"author":2,"featured_media":58330,"comment_status":"","ping_status":"","sticky":false,"template":"","format":"standard","meta":{"footnotes":""},"categories":[5],"tags":[22,23,26,27,2613,17,21,1558,120,24,25,28,29,551,15,16,369,18,34,31,33,32,30,19,20],"class_list":{"0":"post-58329","1":"post","2":"type-post","3":"status-publish","4":"format-standard","5":"has-post-thumbnail","7":"category-rubriker","8":"tag-breaking-news","9":"tag-breakingnews","10":"tag-featured-news","11":"tag-featurednews","12":"tag-gunnar-strommer","13":"tag-headlines","14":"tag-huvudnyheter","15":"tag-kriminalpolitik","16":"tag-lag-ratt","17":"tag-latest-news","18":"tag-latestnews","19":"tag-main-news","20":"tag-mainnews","21":"tag-moderaterna","22":"tag-news","23":"tag-nyheter","24":"tag-politik","25":"tag-rubriker","26":"tag-se","27":"tag-svenska","28":"tag-sverige","29":"tag-sweden","30":"tag-swedish","31":"tag-top-stories","32":"tag-topstories"},"share_on_mastodon":{"url":"","error":""},"_links":{"self":[{"href":"https:\/\/www.europesays.com\/se\/wp-json\/wp\/v2\/posts\/58329","targetHints":{"allow":["GET"]}}],"collection":[{"href":"https:\/\/www.europesays.com\/se\/wp-json\/wp\/v2\/posts"}],"about":[{"href":"https:\/\/www.europesays.com\/se\/wp-json\/wp\/v2\/types\/post"}],"author":[{"embeddable":true,"href":"https:\/\/www.europesays.com\/se\/wp-json\/wp\/v2\/users\/2"}],"replies":[{"embeddable":true,"href":"https:\/\/www.europesays.com\/se\/wp-json\/wp\/v2\/comments?post=58329"}],"version-history":[{"count":0,"href":"https:\/\/www.europesays.com\/se\/wp-json\/wp\/v2\/posts\/58329\/revisions"}],"wp:featuredmedia":[{"embeddable":true,"href":"https:\/\/www.europesays.com\/se\/wp-json\/wp\/v2\/media\/58330"}],"wp:attachment":[{"href":"https:\/\/www.europesays.com\/se\/wp-json\/wp\/v2\/media?parent=58329"}],"wp:term":[{"taxonomy":"category","embeddable":true,"href":"https:\/\/www.europesays.com\/se\/wp-json\/wp\/v2\/categories?post=58329"},{"taxonomy":"post_tag","embeddable":true,"href":"https:\/\/www.europesays.com\/se\/wp-json\/wp\/v2\/tags?post=58329"}],"curies":[{"name":"wp","href":"https:\/\/api.w.org\/{rel}","templated":true}]}}