{"id":58351,"date":"2025-10-18T05:40:13","date_gmt":"2025-10-18T05:40:13","guid":{"rendered":"https:\/\/www.europesays.com\/se\/58351\/"},"modified":"2025-10-18T05:40:13","modified_gmt":"2025-10-18T05:40:13","slug":"miljardaren-dog-efter-fall-fran-berg-sonen-mordmisstankt","status":"publish","type":"post","link":"https:\/\/www.europesays.com\/se\/58351\/","title":{"rendered":"Miljard\u00e4ren dog efter fall fr\u00e5n berg \u2013 sonen mordmisst\u00e4nkt"},"content":{"rendered":"<p>Publicerad 17 okt 2025 kl 23.59<\/p>\n<p>Kl\u00e4dj\u00e4tten Mangos grundare Isak Andic, 71, dog efter ett fall fr\u00e5n ett berg utanf\u00f6r Barcelona.\u00a0<\/p>\n<p>D\u00f6dsfallet utreddes f\u00f6rst som en olycka.\u00a0<\/p>\n<p>Men nu misst\u00e4nker spansk polis att det r\u00f6r sig om ett mord \u2013 och sonen Jonathan Andic, 44, \u00e4r misst\u00e4nkt.\u00a0<\/p>\n<p>Senaste nyhetsklippen fr\u00e5n Expressen.<img   alt=\"\"\/><\/p>\n<p>Spansk polis misst\u00e4nker nu att multimiljard\u00e4ren Isak Andic blev m\u00f6rdad.<\/p>\n<p>Foto: Thibault Camus \/ TT NYHETSBYR\u00c5N<\/p>\n<p>\u00d6ppna bild i helsk\u00e4rm<img loading=\"lazy\"   alt=\"\"\/><\/p>\n<p>Jonathan Andic misst\u00e4nks f\u00f6r mord.<\/p>\n<p>Foto: AA \/ STELLA PICTURES\/ABACA PRESS ABACA PRESS<\/p>\n<p>\u00d6ppna bild i helsk\u00e4rm<\/p>\n<p>I december f\u00f6rra \u00e5ret vandrade multimiljard\u00e4ren Isak Andic p\u00e5 berget Montserrat utanf\u00f6r Barcelona tillsammans med sin son Jonathan.\u00a0<\/p>\n<p>N\u00e4r de befann sig p\u00e5 en bergsstig, omgiven av raviner, f\u00f6ll den 71-\u00e5rige Mangogrundaren \u00f6ver 100 meter \u2013 mot en s\u00e4ker d\u00f6d. \u00a0<\/p>\n<p>Jonathan Andic ska ha g\u00e5tt f\u00f6re sin pappa. Han har sagt att han h\u00f6rde ett stenras bakom sig, v\u00e4nde sig om och d\u00e5 s\u00e5g pappan st\u00f6rta ner f\u00f6r berget. Jonathan Andic larmade sedan den spanska r\u00e4ddningstj\u00e4nsten.\u00a0<\/p>\n<p><img loading=\"lazy\"   alt=\"\"\/><\/p>\n<p>Berget Montserrat utanf\u00f6r Barcelona \u00e4r ett popul\u00e4rt utflyktsm\u00e5l.<\/p>\n<p>Foto: Courtney Bonnell \/ TT \/ NYHETSBYR\u00c5N<\/p>\n<p>\u00d6ppna bild i helsk\u00e4rm<\/p>\n<p>Inledningsvis utreddes d\u00f6dsfallet som en olycka och Jonathan Andic betraktades som ett vittne i utredningen. Men nu rapporterar den spanska tidningen <a href=\"https:\/\/elpais.com\/espana\/2025-10-16\/los-mossos-investigan-como-posible-homicidio-la-muerte-del-fundador-de-mango-isak-andic.html#?rel=lom\" rel=\"nofollow noopener\" target=\"_blank\">El Pa\u00eds<\/a> att polisen misst\u00e4nker mord och att Jonathan Andic misst\u00e4nks f\u00f6r brott.\u00a0<\/p>\n<p>Jonathan Andics ber\u00e4ttelse om h\u00e4ndelsen \u00e4r, enligt k\u00e4llor till tidningen, \u201dinkonsekvent\u201d. D\u00e4rtill har Isak Andics partner, golfspelaren Estefan\u00eda Knuth, ber\u00e4ttat f\u00f6r polisutredarna att far och son Andic hade en d\u00e5lig relation.\u00a0<\/p>\n<p>Polisen ska inte ha hittat n\u00e5gra konkreta bevis som talar f\u00f6r att Isak Andic faktiskt blev m\u00f6rdad, i st\u00e4llet \u00e4r det flera sp\u00e5r i utredningen som sammantaget g\u00f6r att man nu misst\u00e4nker mord.\u00a0<\/p>\n<p><img loading=\"lazy\"   alt=\"\"\/><\/p>\n<p>Jonathan Andic och supermodellen Kendall Jenner vid sl\u00e4ppet av en ny kollektion 2016.<\/p>\n<p>Foto: ED\/CE\/Mango \/ TT NYHETSBYR\u00c5N<\/p>\n<p>\u00d6ppna bild i helsk\u00e4rmTror att sonen \u00e4r oskyldig<\/p>\n<p>Familjen Andic vill inte kommentera d\u00f6dsfallet, enligt ett uttalande. D\u00e4r st\u00e5r ocks\u00e5:<\/p>\n<p>\u201dD\u00e4remot vill de visa sin respekt f\u00f6r den p\u00e5g\u00e5ende utredningen och kommer att forts\u00e4tta samarbeta med de ber\u00f6rda myndigheterna, s\u00e5 som de hittills har gjort. De \u00e4r ocks\u00e5 \u00f6vertygade om att denna process snart kommer att avslutas och att Jonathan Andics oskuld kommer att bevisas.\u201d<\/p>\n<p>Isak Andic f\u00f6ddes i en judisk familj i Istanbul 1953, men flyttade till <a href=\"https:\/\/www.expressen.se\/tagg\/location\/katalonien\/\" class=\"\" rel=\"nofollow noopener\" target=\"_blank\">Katalonien<\/a> under slutet av 1960-talet. Han b\u00f6rjade s\u00e4lja t-tr\u00f6jor till klasskamrater, och startade s\u00e5 sm\u00e5ningom ett grossistf\u00f6retag samt s\u00e5lde kl\u00e4der p\u00e5 marknader. 1984 \u00f6ppnade han den f\u00f6rsta Mango-butiken. I dag finns omkring 2 800 Mango-butiker runtom i v\u00e4rlden.\u00a0<\/p>\n<p>Isak Andic var god f\u00f6r motsvarande cirka 50 miljarder kronor, enligt aff\u00e4rsmagasinet Forbes.<\/p>\n<p><strong>L\u00c4S MER: <\/strong><a href=\"https:\/\/www.expressen.se\/nyheter\/varlden\/sag-sin-far-storta-150-meter-mot-sin-dod\/\" class=\"\" rel=\"nofollow noopener\" target=\"_blank\">S\u00e5g sin far st\u00f6rta 150 meter mot sin d\u00f6d<\/a><\/p>\n","protected":false},"excerpt":{"rendered":"Publicerad 17 okt 2025 kl 23.59 Kl\u00e4dj\u00e4tten Mangos grundare Isak Andic, 71, dog efter ett fall fr\u00e5n ett&hellip;\n","protected":false},"author":2,"featured_media":58352,"comment_status":"","ping_status":"","sticky":false,"template":"","format":"standard","meta":{"footnotes":""},"categories":[5],"tags":[22,23,26,27,17,21,24,25,2176,5531,28,29,15,16,18,34,55,31,33,32,30,19,764,436,20],"class_list":{"0":"post-58351","1":"post","2":"type-post","3":"status-publish","4":"format-standard","5":"has-post-thumbnail","7":"category-rubriker","8":"tag-breaking-news","9":"tag-breakingnews","10":"tag-featured-news","11":"tag-featurednews","12":"tag-headlines","13":"tag-huvudnyheter","14":"tag-latest-news","15":"tag-latestnews","16":"tag-location-barcelona","17":"tag-location-katalonien","18":"tag-main-news","19":"tag-mainnews","20":"tag-news","21":"tag-nyheter","22":"tag-rubriker","23":"tag-se","24":"tag-sections-varlden","25":"tag-svenska","26":"tag-sverige","27":"tag-sweden","28":"tag-swedish","29":"tag-top-stories","30":"tag-topic-olycksfall","31":"tag-topic-valdsbrott-mord","32":"tag-topstories"},"share_on_mastodon":{"url":"","error":""},"_links":{"self":[{"href":"https:\/\/www.europesays.com\/se\/wp-json\/wp\/v2\/posts\/58351","targetHints":{"allow":["GET"]}}],"collection":[{"href":"https:\/\/www.europesays.com\/se\/wp-json\/wp\/v2\/posts"}],"about":[{"href":"https:\/\/www.europesays.com\/se\/wp-json\/wp\/v2\/types\/post"}],"author":[{"embeddable":true,"href":"https:\/\/www.europesays.com\/se\/wp-json\/wp\/v2\/users\/2"}],"replies":[{"embeddable":true,"href":"https:\/\/www.europesays.com\/se\/wp-json\/wp\/v2\/comments?post=58351"}],"version-history":[{"count":0,"href":"https:\/\/www.europesays.com\/se\/wp-json\/wp\/v2\/posts\/58351\/revisions"}],"wp:featuredmedia":[{"embeddable":true,"href":"https:\/\/www.europesays.com\/se\/wp-json\/wp\/v2\/media\/58352"}],"wp:attachment":[{"href":"https:\/\/www.europesays.com\/se\/wp-json\/wp\/v2\/media?parent=58351"}],"wp:term":[{"taxonomy":"category","embeddable":true,"href":"https:\/\/www.europesays.com\/se\/wp-json\/wp\/v2\/categories?post=58351"},{"taxonomy":"post_tag","embeddable":true,"href":"https:\/\/www.europesays.com\/se\/wp-json\/wp\/v2\/tags?post=58351"}],"curies":[{"name":"wp","href":"https:\/\/api.w.org\/{rel}","templated":true}]}}