{"id":58383,"date":"2025-10-18T06:13:10","date_gmt":"2025-10-18T06:13:10","guid":{"rendered":"https:\/\/www.europesays.com\/se\/58383\/"},"modified":"2025-10-18T06:13:10","modified_gmt":"2025-10-18T06:13:10","slug":"nu-kan-du-boka-influensa-och-coronavaccin","status":"publish","type":"post","link":"https:\/\/www.europesays.com\/se\/58383\/","title":{"rendered":"Nu kan du boka influensa- och coronavaccin"},"content":{"rendered":"<p>De som beh\u00f6ver b\u00e5da vaccinen kan ta dem p\u00e5 samma g\u00e5ng. Bokning g\u00f6rs via Mitt \u00c5HS. Dessutom ordnas tv\u00e5 tillf\u00e4llen med Drop in-vaccinering utan tidsbokning l\u00f6rdagar 15:e och 22:a november mellan klockan 09.00 &#8211; 16.00 p\u00e5 H\u00e4lsocentralen.<\/p>\n<p>Coronavaccin (boosterdos) rekommenderas i h\u00f6st till:<\/p>\n<p>\u2013 Alla 75+<br \/>\u2013 Personer med kraftig immunbrist<br \/>\u2013 \u00c4ldre p\u00e5 v\u00e5rdhem eller med hemv\u00e5rd<br \/>\u2013 \u00d6ver 18 \u00e5r med flera sjukdomar som \u00f6kar risken f\u00f6r allvarlig coronasjukdom <\/p>\n<p>Influensavaccin ges gratis till:<br \/>\u2013 Gravida<br \/>\u2013 Barn under 7 \u00e5r<br \/>\u2013 Alla 65+<br \/>\u2013 Personer i riskgrupp<br \/>\u2013 V\u00e5rdpersonal<br \/>\u2013 N\u00e4rst\u00e5ende till personer med h\u00f6g risk<br \/>\u2013 De som inleder milit\u00e4rtj\u00e4nst<\/p>\n<p>Publicerad 17.10.2025 kl. 14:32|Uppdaterad 17.10.2025 kl. 14:39<\/p>\n","protected":false},"excerpt":{"rendered":"De som beh\u00f6ver b\u00e5da vaccinen kan ta dem p\u00e5 samma g\u00e5ng. Bokning g\u00f6rs via Mitt \u00c5HS. Dessutom ordnas&hellip;\n","protected":false},"author":2,"featured_media":58384,"comment_status":"","ping_status":"","sticky":false,"template":"","format":"standard","meta":{"footnotes":""},"categories":[69],"tags":[5323,5324,113,112,34,31,33,32,30,5532],"class_list":{"0":"post-58383","1":"post","2":"type-post","3":"status-publish","4":"format-standard","5":"has-post-thumbnail","7":"category-halsa","8":"tag-ahs","9":"tag-alands-halso-och-sjukvard","10":"tag-halsa","11":"tag-health","12":"tag-se","13":"tag-svenska","14":"tag-sverige","15":"tag-sweden","16":"tag-swedish","17":"tag-vacciner"},"share_on_mastodon":{"url":"","error":""},"_links":{"self":[{"href":"https:\/\/www.europesays.com\/se\/wp-json\/wp\/v2\/posts\/58383","targetHints":{"allow":["GET"]}}],"collection":[{"href":"https:\/\/www.europesays.com\/se\/wp-json\/wp\/v2\/posts"}],"about":[{"href":"https:\/\/www.europesays.com\/se\/wp-json\/wp\/v2\/types\/post"}],"author":[{"embeddable":true,"href":"https:\/\/www.europesays.com\/se\/wp-json\/wp\/v2\/users\/2"}],"replies":[{"embeddable":true,"href":"https:\/\/www.europesays.com\/se\/wp-json\/wp\/v2\/comments?post=58383"}],"version-history":[{"count":0,"href":"https:\/\/www.europesays.com\/se\/wp-json\/wp\/v2\/posts\/58383\/revisions"}],"wp:featuredmedia":[{"embeddable":true,"href":"https:\/\/www.europesays.com\/se\/wp-json\/wp\/v2\/media\/58384"}],"wp:attachment":[{"href":"https:\/\/www.europesays.com\/se\/wp-json\/wp\/v2\/media?parent=58383"}],"wp:term":[{"taxonomy":"category","embeddable":true,"href":"https:\/\/www.europesays.com\/se\/wp-json\/wp\/v2\/categories?post=58383"},{"taxonomy":"post_tag","embeddable":true,"href":"https:\/\/www.europesays.com\/se\/wp-json\/wp\/v2\/tags?post=58383"}],"curies":[{"name":"wp","href":"https:\/\/api.w.org\/{rel}","templated":true}]}}