{"id":58423,"date":"2025-10-18T07:26:08","date_gmt":"2025-10-18T07:26:08","guid":{"rendered":"https:\/\/www.europesays.com\/se\/58423\/"},"modified":"2025-10-18T07:26:08","modified_gmt":"2025-10-18T07:26:08","slug":"bjorklovens-small-stjarnan-utgar-i-toppmotet","status":"publish","type":"post","link":"https:\/\/www.europesays.com\/se\/58423\/","title":{"rendered":"Bj\u00f6rkl\u00f6vens sm\u00e4ll \u2013 stj\u00e4rnan utg\u00e5r i toppm\u00f6tet"},"content":{"rendered":"<p><strong><a href=\"https:\/\/hockeysverige.se\/klubb\/if-bjorkloven\" rel=\"nofollow noopener\" target=\"_blank\">Bj\u00f6rkl\u00f6ven<\/a> tappar stj\u00e4rnforwarden <a href=\"https:\/\/hockeysverige.se\/spelare\/marcus-nilsson\" rel=\"nofollow noopener\" target=\"_blank\">Marcus Nilsson<\/a> i toppm\u00f6tet mot <a href=\"https:\/\/hockeysverige.se\/klubb\/modo-hockey\" rel=\"nofollow noopener\" target=\"_blank\">MoDo<\/a>. <br \/>\u201dLilliz\u201d Nilsson klev av efter att ha tr\u00e4ffats av ett skott av en lagkamrat. <br \/>\u2013 Han f\u00e5r v\u00e4ldigt ont, s\u00e4ger TV4:s kommentator Lars Lindberg. <\/strong><\/p>\n<p><img loading=\"lazy\" decoding=\"async\" width=\"1024\" height=\"658\" src=\"https:\/\/www.europesays.com\/se\/wp-content\/uploads\/2025\/10\/Marcus-Nilsson-1024x658.webp.webp\" alt=\"Marcus Nilsson.\" class=\"wp-image-314947\"  \/>Marcus Nilsson utgick tidigt i toppmatchen. <strong>Foto: <\/strong>Daniel Eriksson\/Bildbyr\u00e5n<\/p>\n<p>Bj\u00f6rkl\u00f6ven drabbades av ett tungt tapp tidigt in i toppm\u00f6tet hemma mot MoDo Hockey. <\/p>\n<p>Bara n\u00e5gra minuter in i matchen skulle backen Lucas Nords\u00e4ter skjuta ner pucken i MoDos f\u00f6rsvarszon. P\u00e5 offensiv bl\u00e5linje \u00e5ker stj\u00e4rnforwarden Marcus Nilsson f\u00f6rbi och Nords\u00e4ters dump tr\u00e4ffar Nilsson i insidan av kn\u00e4t. \u201dL\u00f6ven\u201d-forwarden reagerade direkt i sm\u00e4rtor och \u00e5kte av isen f\u00f6r att ta sig till b\u00e5set. <\/p>\n<p>\u2013 Man har ju d\u00e5ligt med skydd d\u00e4r. Den kan tr\u00e4ffa n\u00e5gon nerv d\u00e4r som g\u00f6r att benet k\u00e4nns avdomnat. Vi f\u00e5r hoppas att det inte \u00e4r n\u00e5gon skelettskada utan bara en mjukdelsskada, s\u00e4ger expertkommentatorn Per Svartvadet i TV4:s s\u00e4ndning. <\/p>\n<p>Marcus Nilsson klev av f\u00f6r Bj\u00f6rkl\u00f6ven<\/p>\n<p>Marcus Nilsson \u00e5terv\u00e4nde sedan inte till spel utan han utgick till omkl\u00e4dningsrummet efter att ha tr\u00e4ffats av Nords\u00e4ters skott. Nilsson hann endast vara inne p\u00e5 isen i 48 sekunder innan han tvingades kliva av med den befarade skadan. <\/p>\n<p>Det vore ett tufft besked f\u00f6r Bj\u00f6rkl\u00f6ven om Nilsson skulle vara skadad och tvingas till vila en tid. I fjol stod \u201dLilliz\u201d f\u00f6r 63 po\u00e4ng p\u00e5 52 matcher i <a href=\"https:\/\/hockeysverige.se\/hockeyallsvenskan\" rel=\"nofollow noopener\" target=\"_blank\">HockeyAllsvenskan<\/a> och kom delad tv\u00e5a i po\u00e4ngligan. Under h\u00f6sten har han inlett med sju po\u00e4ng p\u00e5 \u00e5tta matcher och \u00e5terigen \u00e4r med i toppen av interna po\u00e4ngligan. <\/p>\n<p>\u00c4ven utan Marcus \u201dLilliz\u201d Nilsson lyckades dock Bj\u00f6rkl\u00f6ven resa sig f\u00f6r att vinna. Hemmalaget v\u00e4nde underl\u00e4ge till seger med 3-2 efter straffar i rivalm\u00f6tet mot MoDo. <\/p>\n<p> Source: <a href=\"https:\/\/www.eliteprospects.com\/player\/16958\/marcus-nilsson\" target=\"_blank\" rel=\"noopener noreferrer nofollow\">Marcus Nilsson<\/a> @ Elite Prospects<\/p>\n","protected":false},"excerpt":{"rendered":"Bj\u00f6rkl\u00f6ven tappar stj\u00e4rnforwarden Marcus Nilsson i toppm\u00f6tet mot MoDo. \u201dLilliz\u201d Nilsson klev av efter att ha tr\u00e4ffats av&hellip;\n","protected":false},"author":2,"featured_media":58424,"comment_status":"","ping_status":"","sticky":false,"template":"","format":"standard","meta":{"footnotes":""},"categories":[68],"tags":[621,34,111,110,31,33,32,30],"class_list":{"0":"post-58423","1":"post","2":"type-post","3":"status-publish","4":"format-standard","5":"has-post-thumbnail","7":"category-sport","8":"tag-hockeyallsvenskan","9":"tag-se","10":"tag-sport","11":"tag-sports","12":"tag-svenska","13":"tag-sverige","14":"tag-sweden","15":"tag-swedish"},"share_on_mastodon":{"url":"","error":""},"_links":{"self":[{"href":"https:\/\/www.europesays.com\/se\/wp-json\/wp\/v2\/posts\/58423","targetHints":{"allow":["GET"]}}],"collection":[{"href":"https:\/\/www.europesays.com\/se\/wp-json\/wp\/v2\/posts"}],"about":[{"href":"https:\/\/www.europesays.com\/se\/wp-json\/wp\/v2\/types\/post"}],"author":[{"embeddable":true,"href":"https:\/\/www.europesays.com\/se\/wp-json\/wp\/v2\/users\/2"}],"replies":[{"embeddable":true,"href":"https:\/\/www.europesays.com\/se\/wp-json\/wp\/v2\/comments?post=58423"}],"version-history":[{"count":0,"href":"https:\/\/www.europesays.com\/se\/wp-json\/wp\/v2\/posts\/58423\/revisions"}],"wp:featuredmedia":[{"embeddable":true,"href":"https:\/\/www.europesays.com\/se\/wp-json\/wp\/v2\/media\/58424"}],"wp:attachment":[{"href":"https:\/\/www.europesays.com\/se\/wp-json\/wp\/v2\/media?parent=58423"}],"wp:term":[{"taxonomy":"category","embeddable":true,"href":"https:\/\/www.europesays.com\/se\/wp-json\/wp\/v2\/categories?post=58423"},{"taxonomy":"post_tag","embeddable":true,"href":"https:\/\/www.europesays.com\/se\/wp-json\/wp\/v2\/tags?post=58423"}],"curies":[{"name":"wp","href":"https:\/\/api.w.org\/{rel}","templated":true}]}}