{"id":58427,"date":"2025-10-18T07:37:19","date_gmt":"2025-10-18T07:37:19","guid":{"rendered":"https:\/\/www.europesays.com\/se\/58427\/"},"modified":"2025-10-18T07:37:19","modified_gmt":"2025-10-18T07:37:19","slug":"anmalda-insiderbrott-rusar-girig-marknad","status":"publish","type":"post","link":"https:\/\/www.europesays.com\/se\/58427\/","title":{"rendered":"Anm\u00e4lda insiderbrott rusar: \u201dGirig marknad\u201d"},"content":{"rendered":"<p>De senaste \u00e5ren har antalet anm\u00e4lda insiderbrott \u00f6kat kraftigt, och bara de senaste dagarna har flera skandaler skakat marknaden, varav en handlar om SEB:s hantering av stora aktieaff\u00e4rer. Det rapporterar Ekonomiekot Extra. <\/p>\n<p>I fjol anm\u00e4ldes 475 insiderbrott till Ekobrottsmyndigheten, j\u00e4mf\u00f6rt med 375 fall 2019. I b\u00f6rjan av millennieskiftet anm\u00e4ldes bara en handfull fall per \u00e5r. <\/p>\n<p>Aktiespararnas chefsjurist Sverre Linton varnar att den \u00f6kade brottsligheten riskerar att s\u00e4nka f\u00f6rtroendet f\u00f6r hela v\u00e4rdepappersmarknaden. <\/p>\n<p>\u2013 Det ger en k\u00e4nsla av en girig finansmarknad som framf\u00f6r allt \u00e4r ute efter att sko sig sj\u00e4lva, s\u00e4ger han. <\/p>\n<p>Omni \u00e4r politiskt obundna och oberoende. Vi str\u00e4var efter att ge fler perspektiv p\u00e5 nyheterna. Har du fr\u00e5gor eller synpunkter kring v\u00e5r rapportering? <a href=\"https:\/\/omni.se\/anmalda-insiderbrott-skjuter-i-hojden-girig-marknad\/a\/mailto:redaktion@omni.se\" class=\"ArticleActions_contactLink__W2F1M\" rel=\"nofollow noopener\" target=\"_blank\">Kontakta redaktionen<\/a><\/p>\n","protected":false},"excerpt":{"rendered":"De senaste \u00e5ren har antalet anm\u00e4lda insiderbrott \u00f6kat kraftigt, och bara de senaste dagarna har flera skandaler skakat&hellip;\n","protected":false},"author":2,"featured_media":58428,"comment_status":"","ping_status":"","sticky":false,"template":"","format":"standard","meta":{"footnotes":""},"categories":[65],"tags":[338,72,70,2867,2645,71,339,2644,34,2666,467,31,33,32,30],"class_list":{"0":"post-58427","1":"post","2":"type-post","3":"status-publish","4":"format-standard","5":"has-post-thumbnail","7":"category-ekonomi","8":"tag-bank","9":"tag-business","10":"tag-economy","11":"tag-ekobrott","12":"tag-ekobrottsmyndigheten","13":"tag-ekonomi","14":"tag-finans-forsakring","15":"tag-insiderbrott","16":"tag-se","17":"tag-seb","18":"tag-stockholmsborsen","19":"tag-svenska","20":"tag-sverige","21":"tag-sweden","22":"tag-swedish"},"share_on_mastodon":{"url":"","error":""},"_links":{"self":[{"href":"https:\/\/www.europesays.com\/se\/wp-json\/wp\/v2\/posts\/58427","targetHints":{"allow":["GET"]}}],"collection":[{"href":"https:\/\/www.europesays.com\/se\/wp-json\/wp\/v2\/posts"}],"about":[{"href":"https:\/\/www.europesays.com\/se\/wp-json\/wp\/v2\/types\/post"}],"author":[{"embeddable":true,"href":"https:\/\/www.europesays.com\/se\/wp-json\/wp\/v2\/users\/2"}],"replies":[{"embeddable":true,"href":"https:\/\/www.europesays.com\/se\/wp-json\/wp\/v2\/comments?post=58427"}],"version-history":[{"count":0,"href":"https:\/\/www.europesays.com\/se\/wp-json\/wp\/v2\/posts\/58427\/revisions"}],"wp:featuredmedia":[{"embeddable":true,"href":"https:\/\/www.europesays.com\/se\/wp-json\/wp\/v2\/media\/58428"}],"wp:attachment":[{"href":"https:\/\/www.europesays.com\/se\/wp-json\/wp\/v2\/media?parent=58427"}],"wp:term":[{"taxonomy":"category","embeddable":true,"href":"https:\/\/www.europesays.com\/se\/wp-json\/wp\/v2\/categories?post=58427"},{"taxonomy":"post_tag","embeddable":true,"href":"https:\/\/www.europesays.com\/se\/wp-json\/wp\/v2\/tags?post=58427"}],"curies":[{"name":"wp","href":"https:\/\/api.w.org\/{rel}","templated":true}]}}