{"id":58431,"date":"2025-10-18T07:58:07","date_gmt":"2025-10-18T07:58:07","guid":{"rendered":"https:\/\/www.europesays.com\/se\/58431\/"},"modified":"2025-10-18T07:58:07","modified_gmt":"2025-10-18T07:58:07","slug":"sjofartens-parisavtal-skjuts-pa-framtiden-efter-tullhot-fran-trump","status":"publish","type":"post","link":"https:\/\/www.europesays.com\/se\/58431\/","title":{"rendered":"Sj\u00f6fartens Parisavtal skjuts p\u00e5 framtiden efter tullhot fr\u00e5n Trump"},"content":{"rendered":"<p>            <a href=\"https:\/\/tidningensyre.se\/sektion\/radar\/\" class=\"article__breadcrumb-link article__breadcrumb-link--magenta\" rel=\"nofollow noopener\" target=\"_blank\">Radar<\/a><br \/>\n             \u00b7 Milj\u00f6\ufeff<\/p>\n<p>\n            Publicerad 37 minuter sedan\n        <\/p>\n<p>\n                    Containrar redo att skeppas iv\u00e4g fr\u00e5n Nanshadistriktets hamn i Guangdongprovinsen i s\u00f6dra Kina, 17 april 2025. Foto: Ng Han Guan\/AP\/TT\n            <\/p>\n<p class=\"article__sublead\">Det kallas sj\u00f6fartens Parisavtal och var t\u00e4nkt att ros i hamn under fredagen. Men efter press fr\u00e5n USA och stora oljeproducerande l\u00e4nder sk\u00f6ts f\u00f6rhandlingarna upp ett \u00e5r.<\/p>\n<p class=\"article__paragraph\">\u00d6ver 100 l\u00e4nder hade samlats i London f\u00f6r att godk\u00e4nna ett avtal d\u00e4r m\u00e5l f\u00f6r att minska sj\u00f6fartens utsl\u00e4pp spikas.<\/p>\n<p class=\"article__paragraph\">Men n\u00e4r l\u00e4nderna p\u00e5 fredagen skulle r\u00f6sta om att godk\u00e4nna avtalet, f\u00f6reslog Saudiarabien att f\u00f6rhandlingarna skulle skjutas upp i ett \u00e5r. Detta efter att USA:s president Donald Trump hade kallat planen f\u00f6r en \u201dgr\u00f6n bluff\u201d och hans administration hade hotat l\u00e4nderna med tullar om de r\u00f6stade f\u00f6r den, <a href=\"https:\/\/www.bbc.com\/news\/articles\/c3vnl0yxg53o\" target=\"_blank\" rel=\"noopener nofollow\">skriver BBC<\/a>.<\/p>\n<p class=\"article__paragraph\">De flesta EU-l\u00e4nder och Storbritannien r\u00f6stade f\u00f6r att forts\u00e4tta f\u00f6rhandlingarna, medan Ryssland s\u00e4llade sig till Saudiarabien, Kina och USA som r\u00f6stade mot. \u00c4ven sm\u00e5 \u00f6grupper \u00e4ndrade st\u00e5ndpunkt eftersom de \u00e4r beroende av USA f\u00f6r sin handel.<\/p>\n<p class=\"article__paragraph\">M\u00e5nga var besvikna.<\/p>\n<p class=\"article__paragraph\">\u2013 Vi kom till London f\u00f6r att motvilligt st\u00f6dja IMO:s Net-zero framework. \u00c4ven om den ambition som klimatvetenskapen kr\u00e4ver saknas, \u00e4r det \u00e4nd\u00e5 ett viktigt steg, sa Ralph Regenvanu, minister f\u00f6r klimatf\u00f6r\u00e4ndringar i Republiken Vanuatu, enligt BBC.<\/p>\n<p class=\"article__paragraph\">Och Thomas Kazakos, generalsekreterare f\u00f6r branschorganisationen International chamber of shipping, sa att branschen \u201dbeh\u00f6ver tydlighet f\u00f6r att kunna g\u00f6ra investeringar\u201d.<\/p>\n<p class=\"article__paragraph\">Sj\u00f6farten st\u00e5r f\u00f6r n\u00e4rvarande f\u00f6r 3 procent av de globala utsl\u00e4ppen, och niv\u00e5erna \u00f6kar i takt med den globala handelns tillv\u00e4xt \u2013 90 procent av varorna transporteras f\u00f6r n\u00e4rvarande via havet.<\/p>\n","protected":false},"excerpt":{"rendered":"Radar \u00b7 Milj\u00f6\ufeff Publicerad 37 minuter sedan Containrar redo att skeppas iv\u00e4g fr\u00e5n Nanshadistriktets hamn i Guangdongprovinsen i&hellip;\n","protected":false},"author":2,"featured_media":58432,"comment_status":"","ping_status":"","sticky":false,"template":"","format":"standard","meta":{"footnotes":""},"categories":[14],"tags":[22,23,26,27,17,21,24,25,28,29,15,16,18,34,31,33,32,30,19,20,51,52,53,54],"class_list":{"0":"post-58431","1":"post","2":"type-post","3":"status-publish","4":"format-standard","5":"has-post-thumbnail","7":"category-varlden","8":"tag-breaking-news","9":"tag-breakingnews","10":"tag-featured-news","11":"tag-featurednews","12":"tag-headlines","13":"tag-huvudnyheter","14":"tag-latest-news","15":"tag-latestnews","16":"tag-main-news","17":"tag-mainnews","18":"tag-news","19":"tag-nyheter","20":"tag-rubriker","21":"tag-se","22":"tag-svenska","23":"tag-sverige","24":"tag-sweden","25":"tag-swedish","26":"tag-top-stories","27":"tag-topstories","28":"tag-varlden","29":"tag-world","30":"tag-world-news","31":"tag-worldnews"},"share_on_mastodon":{"url":"","error":""},"_links":{"self":[{"href":"https:\/\/www.europesays.com\/se\/wp-json\/wp\/v2\/posts\/58431","targetHints":{"allow":["GET"]}}],"collection":[{"href":"https:\/\/www.europesays.com\/se\/wp-json\/wp\/v2\/posts"}],"about":[{"href":"https:\/\/www.europesays.com\/se\/wp-json\/wp\/v2\/types\/post"}],"author":[{"embeddable":true,"href":"https:\/\/www.europesays.com\/se\/wp-json\/wp\/v2\/users\/2"}],"replies":[{"embeddable":true,"href":"https:\/\/www.europesays.com\/se\/wp-json\/wp\/v2\/comments?post=58431"}],"version-history":[{"count":0,"href":"https:\/\/www.europesays.com\/se\/wp-json\/wp\/v2\/posts\/58431\/revisions"}],"wp:featuredmedia":[{"embeddable":true,"href":"https:\/\/www.europesays.com\/se\/wp-json\/wp\/v2\/media\/58432"}],"wp:attachment":[{"href":"https:\/\/www.europesays.com\/se\/wp-json\/wp\/v2\/media?parent=58431"}],"wp:term":[{"taxonomy":"category","embeddable":true,"href":"https:\/\/www.europesays.com\/se\/wp-json\/wp\/v2\/categories?post=58431"},{"taxonomy":"post_tag","embeddable":true,"href":"https:\/\/www.europesays.com\/se\/wp-json\/wp\/v2\/tags?post=58431"}],"curies":[{"name":"wp","href":"https:\/\/api.w.org\/{rel}","templated":true}]}}