{"id":58439,"date":"2025-10-18T08:16:11","date_gmt":"2025-10-18T08:16:11","guid":{"rendered":"https:\/\/www.europesays.com\/se\/58439\/"},"modified":"2025-10-18T08:16:11","modified_gmt":"2025-10-18T08:16:11","slug":"nu-blir-det-lattare-att-doma-pedofiler","status":"publish","type":"post","link":"https:\/\/www.europesays.com\/se\/58439\/","title":{"rendered":"Nu blir det l\u00e4ttare att d\u00f6ma pedofiler"},"content":{"rendered":"<p>Tv\u00e5 nya lag\u00e4ndringar som tr\u00e4der i\u202fkraft n\u00e4sta \u00e5r kommer att inneb\u00e4ra en v\u00e4ndpunkt f\u00f6r kampen mot sexualbrott mot barn. Det skriver SD-ledaren Jimmie \u00c5kesson p\u00e5 Expressens debattsida. <\/p>\n<p>Dels kommer personer att kunna d\u00f6mas f\u00f6r brott \u00e4ven om polisen gripit in s\u00e5 att brottet inte har kunnat fullbordas. Dessutom sk\u00e4rps lagstiftningen kring f\u00f6rberedelsebrott, s\u00e5 att det exempelvis blir olagligt att starta en falsk profil p\u00e5 ett ungdomsforum. <\/p>\n<p>\u201dS\u00f6ker du upp barn p\u00e5 n\u00e4tet med sexuella motiv riskerar du straff, \u00e4ven om polisen hinner f\u00f6re. Det ska helt enkelt inneb\u00e4ra en stor risk att ens f\u00f6rs\u00f6ka\u201d, skriver \u00c5kesson. <\/p>\n<p>Omni \u00e4r politiskt obundna och oberoende. Vi str\u00e4var efter att ge fler perspektiv p\u00e5 nyheterna. Har du fr\u00e5gor eller synpunkter kring v\u00e5r rapportering? <a href=\"https:\/\/omni.se\/akesson-sd-nu-blir-det-lattare-att-doma-pedofiler\/a\/mailto:redaktion@omni.se\" class=\"ArticleActions_contactLink__W2F1M\" rel=\"nofollow noopener\" target=\"_blank\">Kontakta redaktionen<\/a><\/p>\n","protected":false},"excerpt":{"rendered":"Tv\u00e5 nya lag\u00e4ndringar som tr\u00e4der i\u202fkraft n\u00e4sta \u00e5r kommer att inneb\u00e4ra en v\u00e4ndpunkt f\u00f6r kampen mot sexualbrott mot&hellip;\n","protected":false},"author":2,"featured_media":58440,"comment_status":"","ping_status":"","sticky":false,"template":"","format":"standard","meta":{"footnotes":""},"categories":[5],"tags":[223,22,23,445,26,27,17,21,1562,120,24,25,28,29,15,16,369,18,34,31,33,617,32,30,19,20],"class_list":{"0":"post-58439","1":"post","2":"type-post","3":"status-publish","4":"format-standard","5":"has-post-thumbnail","7":"category-rubriker","8":"tag-barn-unga","9":"tag-breaking-news","10":"tag-breakingnews","11":"tag-debatt","12":"tag-featured-news","13":"tag-featurednews","14":"tag-headlines","15":"tag-huvudnyheter","16":"tag-jimmie-akesson","17":"tag-lag-ratt","18":"tag-latest-news","19":"tag-latestnews","20":"tag-main-news","21":"tag-mainnews","22":"tag-news","23":"tag-nyheter","24":"tag-politik","25":"tag-rubriker","26":"tag-se","27":"tag-svenska","28":"tag-sverige","29":"tag-sverigedemokraterna","30":"tag-sweden","31":"tag-swedish","32":"tag-top-stories","33":"tag-topstories"},"share_on_mastodon":{"url":"","error":""},"_links":{"self":[{"href":"https:\/\/www.europesays.com\/se\/wp-json\/wp\/v2\/posts\/58439","targetHints":{"allow":["GET"]}}],"collection":[{"href":"https:\/\/www.europesays.com\/se\/wp-json\/wp\/v2\/posts"}],"about":[{"href":"https:\/\/www.europesays.com\/se\/wp-json\/wp\/v2\/types\/post"}],"author":[{"embeddable":true,"href":"https:\/\/www.europesays.com\/se\/wp-json\/wp\/v2\/users\/2"}],"replies":[{"embeddable":true,"href":"https:\/\/www.europesays.com\/se\/wp-json\/wp\/v2\/comments?post=58439"}],"version-history":[{"count":0,"href":"https:\/\/www.europesays.com\/se\/wp-json\/wp\/v2\/posts\/58439\/revisions"}],"wp:featuredmedia":[{"embeddable":true,"href":"https:\/\/www.europesays.com\/se\/wp-json\/wp\/v2\/media\/58440"}],"wp:attachment":[{"href":"https:\/\/www.europesays.com\/se\/wp-json\/wp\/v2\/media?parent=58439"}],"wp:term":[{"taxonomy":"category","embeddable":true,"href":"https:\/\/www.europesays.com\/se\/wp-json\/wp\/v2\/categories?post=58439"},{"taxonomy":"post_tag","embeddable":true,"href":"https:\/\/www.europesays.com\/se\/wp-json\/wp\/v2\/tags?post=58439"}],"curies":[{"name":"wp","href":"https:\/\/api.w.org\/{rel}","templated":true}]}}