{"id":58516,"date":"2025-10-18T10:54:08","date_gmt":"2025-10-18T10:54:08","guid":{"rendered":"https:\/\/www.europesays.com\/se\/58516\/"},"modified":"2025-10-18T10:54:08","modified_gmt":"2025-10-18T10:54:08","slug":"unga-till-sjukhus-drack-sprit-fran-vodkabil-2","status":"publish","type":"post","link":"https:\/\/www.europesays.com\/se\/58516\/","title":{"rendered":"Unga till sjukhus \u2013 drack sprit fr\u00e5n \u201dvodkabil\u201d"},"content":{"rendered":"<p class=\"boxtextgrotesk-root_baa6 hyperion-css-7pajle\">Uppdaterad 12.30 | Publicerad 11.07<\/p>\n<p>share-arrowDela<\/p>\n<p>unsaveSpara<\/p>\n<p>expand-left<\/p>\n<p>helsk\u00e4rm<img decoding=\"async\" class=\"image-asset hyperion-css-u06ts1\" data-test-tag=\"image-asset\" src=\"https:\/\/www.europesays.com\/se\/wp-content\/uploads\/2025\/10\/7ba86310-32b6-4db5-8425-0eb0c23c21b8\"  alt=\"\u201dSpriten hade k\u00f6pts i en s\u00e5 kallad vodkabil som man hade skapat kontakt med via Snapchat\u201d, skriver polisen.\"  loading=\"eager\" fetchpriority=\"high\" style=\"aspect-ratio:1900 \/ 1236\"\/>\u201dSpriten hade k\u00f6pts i en s\u00e5 kallad vodkabil som man hade skapat kontakt med via Snapchat\u201d, skriver polisen. Foto: Johan Nilsson \/ TT<\/p>\n<p class=\"hyperion-css-1shl3oz\" data-test-tag=\"lead-text\">Flera flickor i 15-\u00e5rs\u00e5ldern fick f\u00f6ras till sjukhus p\u00e5 fredagen efter att ha druckit sprit som kan ha inneh\u00e5llit det giftiga \u00e4mnet isopropanol. H\u00e4ndelsen ska ha intr\u00e4ffat i samband med en fest i Vallentuna utanf\u00f6r Stockholm.<\/p>\n<p class=\"hyperion-css-1shl3oz\" data-test-tag=\"lead-text\">\u2013 H\u00e4ndelsen \u00e4r djupt oroande, s\u00e4ger kommunalr\u00e5det Johan Skog (M).<\/p>\n<p class=\"hyperion-css-1v9qo5x\">\u201dSpriten hade k\u00f6pts i en s\u00e5 kallad vodkabil som man hade skapat kontakt med via Snapchat\u201d, uppger polisen p\u00e5 sin sajt.<\/p>\n<p class=\"hyperion-css-1v9qo5x\">Tv\u00e5 av flickorna var medvetsl\u00f6sa d\u00e5 de \u00e5kte till sjukhus. Under natten fick polisen fler anm\u00e4lningar d\u00e4r \u201dmycket unga personer\u201d fick \u00e5ka till sjukhus efter att ha druckit sprit som de k\u00f6pt fr\u00e5n en vodkabil. Enligt SVT Nyheter r\u00f6r det sig om sex ungdomar.<\/p>\n<p class=\"hyperion-css-1v9qo5x\">I samband med provtagningen har man i flera fall f\u00e5tt indikationer p\u00e5 att spriten inneh\u00e5llit isopropanol, enligt polisen. Enligt Giftinformationscentralen kan det vara farligt att f\u00e5 i sig, framf\u00f6r allt f\u00f6r barn. \u00c4mnet anv\u00e4nds bland annat f\u00f6r att reng\u00f6ra elektronik. Symtom som kan uppst\u00e5 om man f\u00e5r i sig den \u00e4r berusning, l\u00e5gt blodtryck, kr\u00e4kningar och buksm\u00e4rtor.<\/p>\n<p>\u201dSt\u00f6rre problem\u201d<\/p>\n<p class=\"hyperion-css-1v9qo5x\">Johan Skog, ordf\u00f6rande i kommunstyrelsen i Vallentuna, s\u00e4ger att hans tankar g\u00e5r till de drabbade ungdomarna och deras familjer.<\/p>\n<p class=\"hyperion-css-1v9qo5x\">\u2013 Det absolut viktigaste \u00e4r att det g\u00e5r bra f\u00f6r de h\u00e4r ungdomarna, s\u00e4ger han.<\/p>\n<p class=\"hyperion-css-1v9qo5x\">Kommunen tar situationen \u201dp\u00e5 st\u00f6rsta allvar\u201d.<\/p>\n<p class=\"hyperion-css-1v9qo5x\">\u2013 Och det ser ut att vara ett tecken p\u00e5 st\u00f6rre problem med alkohol och sociala medier bland unga.<\/p>\n<p>Kontakt med skolorna<\/p>\n<p class=\"hyperion-css-1v9qo5x\">Han k\u00e4nner inte till n\u00e5gon tidigare, liknande allvarlig incident i kommunen. Man har nu tagit kontakt med skolorna i Vallentuna och socialtj\u00e4nsten \u00e4r inkopplad, enligt Johan Skog.<\/p>\n<p class=\"hyperion-css-1v9qo5x\">\u2013 Och vi har ju ett arbete inom ramen f\u00f6r \u201dTryggare Vallentuna\u201d d\u00e4r vi samarbetar med polis och r\u00e4ddningstj\u00e4nst.<\/p>\n<p class=\"hyperion-css-1v9qo5x\">Det f\u00f6rs ocks\u00e5 en kontinuerlig dialog om den h\u00e4r typen av fr\u00e5gor genom kommunens f\u00e4ltverksamhet, s\u00e4ger han.<\/p>\n<p class=\"hyperion-css-1v9qo5x\">\u2013 Men i det h\u00e4r skedet \u00e4r det viktigt att polisen f\u00e5r g\u00f6ra sitt jobb, s\u00e5 vi f\u00e5r en b\u00e4ttre l\u00e4gesbild av exakt vad som har h\u00e4nt.<\/p>\n","protected":false},"excerpt":{"rendered":"Uppdaterad 12.30 | Publicerad 11.07 share-arrowDela unsaveSpara expand-left helsk\u00e4rm\u201dSpriten hade k\u00f6pts i en s\u00e5 kallad vodkabil som man&hellip;\n","protected":false},"author":2,"featured_media":58517,"comment_status":"","ping_status":"","sticky":false,"template":"","format":"standard","meta":{"footnotes":""},"categories":[14],"tags":[22,23,26,27,17,21,24,25,28,29,15,16,18,34,31,33,32,30,19,20,51,52,53,54],"class_list":{"0":"post-58516","1":"post","2":"type-post","3":"status-publish","4":"format-standard","5":"has-post-thumbnail","7":"category-varlden","8":"tag-breaking-news","9":"tag-breakingnews","10":"tag-featured-news","11":"tag-featurednews","12":"tag-headlines","13":"tag-huvudnyheter","14":"tag-latest-news","15":"tag-latestnews","16":"tag-main-news","17":"tag-mainnews","18":"tag-news","19":"tag-nyheter","20":"tag-rubriker","21":"tag-se","22":"tag-svenska","23":"tag-sverige","24":"tag-sweden","25":"tag-swedish","26":"tag-top-stories","27":"tag-topstories","28":"tag-varlden","29":"tag-world","30":"tag-world-news","31":"tag-worldnews"},"share_on_mastodon":{"url":"","error":""},"_links":{"self":[{"href":"https:\/\/www.europesays.com\/se\/wp-json\/wp\/v2\/posts\/58516","targetHints":{"allow":["GET"]}}],"collection":[{"href":"https:\/\/www.europesays.com\/se\/wp-json\/wp\/v2\/posts"}],"about":[{"href":"https:\/\/www.europesays.com\/se\/wp-json\/wp\/v2\/types\/post"}],"author":[{"embeddable":true,"href":"https:\/\/www.europesays.com\/se\/wp-json\/wp\/v2\/users\/2"}],"replies":[{"embeddable":true,"href":"https:\/\/www.europesays.com\/se\/wp-json\/wp\/v2\/comments?post=58516"}],"version-history":[{"count":0,"href":"https:\/\/www.europesays.com\/se\/wp-json\/wp\/v2\/posts\/58516\/revisions"}],"wp:featuredmedia":[{"embeddable":true,"href":"https:\/\/www.europesays.com\/se\/wp-json\/wp\/v2\/media\/58517"}],"wp:attachment":[{"href":"https:\/\/www.europesays.com\/se\/wp-json\/wp\/v2\/media?parent=58516"}],"wp:term":[{"taxonomy":"category","embeddable":true,"href":"https:\/\/www.europesays.com\/se\/wp-json\/wp\/v2\/categories?post=58516"},{"taxonomy":"post_tag","embeddable":true,"href":"https:\/\/www.europesays.com\/se\/wp-json\/wp\/v2\/tags?post=58516"}],"curies":[{"name":"wp","href":"https:\/\/api.w.org\/{rel}","templated":true}]}}