{"id":58518,"date":"2025-10-18T10:55:07","date_gmt":"2025-10-18T10:55:07","guid":{"rendered":"https:\/\/www.europesays.com\/se\/58518\/"},"modified":"2025-10-18T10:55:07","modified_gmt":"2025-10-18T10:55:07","slug":"blixthalka-staller-till-det-i-trafiken-i-vastsverige","status":"publish","type":"post","link":"https:\/\/www.europesays.com\/se\/58518\/","title":{"rendered":"Blixthalka st\u00e4ller till det i trafiken i V\u00e4stsverige"},"content":{"rendered":"<p>Vid 10-tiden hade trafiken s\u00e5 sm\u00e5tt b\u00f6rjat rulla igen p\u00e5 E45.<\/p>\n<p>\u2013 Vi har precis b\u00f6rjat sl\u00e4ppa p\u00e5 trafiken d\u00e4r igen men det \u00e4r fortfarande st\u00f6rningar, s\u00e4ger \u00c5sa Opperud vid R\u00e4ddningstj\u00e4nsten storg\u00f6teborg.<\/p>\n<p>F\u00f6rutom stoppet p\u00e5 E45 g\u00e5r det \u00e4ven fortfarande vid 10-tiden tr\u00f6gt p\u00e5 E20 i riktning mot G\u00f6teborg vid H\u00e4sterydsmotet sedan en l\u00e5ngtradare k\u00f6rt in i mittr\u00e4cket. B\u00e4rgning p\u00e5g\u00e5r.<\/p>\n<p>Det har ocks\u00e5 varit flera av\u00e5kningar i Bor\u00e5strakten och p\u00e5 riksv\u00e4g 40 d\u00e4r flera personbilar och en lastbil under natten har kanat in i mittr\u00e4cket.<\/p>\n<p>\u2013 Vi har haft flera olyckor p\u00e5 grund av blixhalkan och det \u00e4r fortfarande p\u00e5g\u00e5ende, s\u00e4ger Christian Brattg\u00e5rd.<\/p>\n<p>Nytt stopp p\u00e5 E20<\/p>\n<p>Strax f\u00f6re klockan 11:30 fick E20 p\u00e5 nytt st\u00e4ngas av, den h\u00e4r g\u00e5ngen vid Trafikplats Hjultorp till Trafikplats B\u00e4linge i riktning mot G\u00f6teborg, sedan tre bilar krockat och \u00e5kt in i mittr\u00e4cket.<\/p>\n","protected":false},"excerpt":{"rendered":"Vid 10-tiden hade trafiken s\u00e5 sm\u00e5tt b\u00f6rjat rulla igen p\u00e5 E45. \u2013 Vi har precis b\u00f6rjat sl\u00e4ppa p\u00e5&hellip;\n","protected":false},"author":2,"featured_media":58519,"comment_status":"","ping_status":"","sticky":false,"template":"","format":"standard","meta":{"footnotes":""},"categories":[12],"tags":[22,23,26,27,17,21,24,25,28,29,15,16,18,34,31,33,32,30,19,20],"class_list":{"0":"post-58518","1":"post","2":"type-post","3":"status-publish","4":"format-standard","5":"has-post-thumbnail","7":"category-sverige","8":"tag-breaking-news","9":"tag-breakingnews","10":"tag-featured-news","11":"tag-featurednews","12":"tag-headlines","13":"tag-huvudnyheter","14":"tag-latest-news","15":"tag-latestnews","16":"tag-main-news","17":"tag-mainnews","18":"tag-news","19":"tag-nyheter","20":"tag-rubriker","21":"tag-se","22":"tag-svenska","23":"tag-sverige","24":"tag-sweden","25":"tag-swedish","26":"tag-top-stories","27":"tag-topstories"},"share_on_mastodon":{"url":"","error":""},"_links":{"self":[{"href":"https:\/\/www.europesays.com\/se\/wp-json\/wp\/v2\/posts\/58518","targetHints":{"allow":["GET"]}}],"collection":[{"href":"https:\/\/www.europesays.com\/se\/wp-json\/wp\/v2\/posts"}],"about":[{"href":"https:\/\/www.europesays.com\/se\/wp-json\/wp\/v2\/types\/post"}],"author":[{"embeddable":true,"href":"https:\/\/www.europesays.com\/se\/wp-json\/wp\/v2\/users\/2"}],"replies":[{"embeddable":true,"href":"https:\/\/www.europesays.com\/se\/wp-json\/wp\/v2\/comments?post=58518"}],"version-history":[{"count":0,"href":"https:\/\/www.europesays.com\/se\/wp-json\/wp\/v2\/posts\/58518\/revisions"}],"wp:featuredmedia":[{"embeddable":true,"href":"https:\/\/www.europesays.com\/se\/wp-json\/wp\/v2\/media\/58519"}],"wp:attachment":[{"href":"https:\/\/www.europesays.com\/se\/wp-json\/wp\/v2\/media?parent=58518"}],"wp:term":[{"taxonomy":"category","embeddable":true,"href":"https:\/\/www.europesays.com\/se\/wp-json\/wp\/v2\/categories?post=58518"},{"taxonomy":"post_tag","embeddable":true,"href":"https:\/\/www.europesays.com\/se\/wp-json\/wp\/v2\/tags?post=58518"}],"curies":[{"name":"wp","href":"https:\/\/api.w.org\/{rel}","templated":true}]}}