{"id":58523,"date":"2025-10-18T11:04:22","date_gmt":"2025-10-18T11:04:22","guid":{"rendered":"https:\/\/www.europesays.com\/se\/58523\/"},"modified":"2025-10-18T11:04:22","modified_gmt":"2025-10-18T11:04:22","slug":"gunnar-strommer-m-om-sankt-straffbarhetsalder-syftet-ar-inte-primart-att-minska-brottsligheten-18-oktober-2025-ekots-lordagsintervju","status":"publish","type":"post","link":"https:\/\/www.europesays.com\/se\/58523\/","title":{"rendered":"Gunnar Str\u00f6mmer (M) om s\u00e4nkt straffbarhets\u00e5lder: Syftet \u00e4r inte prim\u00e4rt att minska brottsligheten 18 oktober 2025 &#8211; Ekots l\u00f6rdagsintervju"},"content":{"rendered":"<p>Ledaren f\u00f6r det s\u00e5 kallade Dalenn\u00e4tverket Mikael \u201dGreken\u201d Tenezos anl\u00e4nde i fredags till Sverige, deporterad fr\u00e5n Mexiko d\u00e4r han frihetsber\u00f6vades n\u00e5gra dagar tidigare. I Sverige \u00e4r han bland annat misst\u00e4nkt f\u00f6r flera f\u00f6rs\u00f6k till mord och grova vapenbrott. <\/p>\n<p>Justitieminister Gunnar Str\u00f6mmer (M) tycker det \u00e4r viktigt att Mikael \u201dGreken\u201d Tenezos l\u00e4mnats ut och nu kan komma att lagf\u00f6ras h\u00e4r. <\/p>\n<p>\u201dDet \u00e4r klart att det \u00e4r viktigt att man f\u00e5r st\u00e5 till svars f\u00f6r den allvarliga brottslighet som man ansvarar f\u00f6r. Dessutom \u00e4r det en viktig signal till alla som g\u00f6mmer sig i utlandet. Man kommer inte undan den svenska r\u00e4ttvisan. Vi ser till att ta reda p\u00e5 var ni befinner er. Ni blir gripna, ni blir utl\u00e4mnade till Sverige. Ni kommer att bli lagf\u00f6rda och f\u00e5 ta ansvar f\u00f6r den allvarliga brottslighet och allt el\u00e4nde ni st\u00e4ller till med\u201d, s\u00e4ger Gunnar Str\u00f6mmer. <\/p>\n<p>Tidigare i veckan intervjuades bitr\u00e4dande rikspolischef Stefan Hector i P1 Morgon om hur samarbetet ser ut mellan svensk polis och polis i de l\u00e4nder d\u00e4r misst\u00e4nka g\u00e4ngkriminella tros befinna sig. Han tog upp att de l\u00e4nder svensk polis samarbetar med vill f\u00e5 n\u00e5got i utbyte.<\/p>\n<p><strong>Vad har Mexiko f\u00e5tt i utbyte?<\/strong><\/p>\n<p>\u201dJag vill inte g\u00e5 in p\u00e5 varje enskilt land.  Vad jag d\u00e4remot kan s\u00e4ga \u00e4r att ofta finns det ett starkt \u00f6msesidigt intresse av att gripa en s\u00e5n person. Det \u00e4r ocks\u00e5 en person som i det land vederb\u00f6rande befinner sig utg\u00f6r en stor risk, har stort v\u00e5ldskapital, \u00e4r del av organiserad brottslighet och befinner sig illegalt i ett land. Det kr\u00e4vs inte s\u00e4rskilt mycket gentj\u00e4nster f\u00f6r att \u00e5stadkomma det h\u00e4r\u201d, s\u00e4ger Gunnar Str\u00f6mmer. <\/p>\n<p>Sverige har avtal om samarbeten med bland annat F\u00f6renade Arabemiraten, Irak och Turkiet. Gunnar Str\u00f6mmer medger att det kan finnas risker i samarbeten med l\u00e4nder som inte \u00e4r demokratier. <\/p>\n<p>\u201dDet \u00e4r klart att vi ser pragmatiskt p\u00e5 de h\u00e4r fr\u00e5gorna d\u00e4rf\u00f6r att vi har ett s\u00e5nt oerh\u00f6rt starkt intresse av att skapa lugn, trygghet och s\u00e4kerhet i Sverige. (&#8230;) N\u00e4r vi ser att de h\u00e4r organiserande akt\u00f6rerna flyttar utanf\u00f6r landets gr\u00e4nser, ocks\u00e5 till l\u00e4nder som inte i alla avseenden fungerar som v\u00e5r demokratiska r\u00e4ttsstat, d\u00e5 ser vi till att det samarbete vi har lever upp till v\u00e5ra h\u00f6gt st\u00e4llda krav p\u00e5 en r\u00e4ttsstat. Jag ser i praktiken inte att det \u00e4r s\u00e4rskilt komplicerat att f\u00e5 till\u201d, s\u00e4ger han.<\/p>\n<p>Att f\u00e5 till ett avtal med Iran skulle d\u00e4remot vara mer komplicerat, anser Gunnar Str\u00f6mmer. <\/p>\n<p>\u201dDet betyder inte att vi ger upp enskilda \u00e4renden som har kopplingar till Iran. Man m\u00e5ste hitta andra s\u00e4tt att n\u00e5 resultat. N\u00e4r det \u00e4r ett land som s\u00e5 p\u00e5tagligt manifesterar ett motst\u00e5ende intresse i de h\u00e4r fr\u00e5gorna till exempel genom att sj\u00e4lva rekrytera utf\u00f6rare i v\u00e5ra g\u00e4ngkriminella milj\u00f6er s\u00e5 v\u00e4gen \u00e4r fram\u00e5t mer komplicerad.\u201d<\/p>\n<p>S\u00e4nkt straffbarhets\u00e5lder till 13 \u00e5r<\/p>\n<p>Enligt <a class=\"internal-link\" target=\"_self\" href=\"https:\/\/www.sverigesradio.se\/artikel\/polisen-kraftig-okning-av-barn-som-misstanks-for-valdsdad-at-gangen\" rel=\"nofollow noopener\">siffror fr\u00e5n polisen<\/a>, som Ekot tagit del av, syns en kraftig \u00f6kning av v\u00e5ldsd\u00e5d d\u00e4r barn \u00e4r inblandade. I \u00e5r till och med augusti greps 66 barn mellan 13\u201314 \u00e5r, j\u00e4mf\u00f6rt med 27 barn under samma period f\u00f6rra \u00e5ret. <\/p>\n<p>Tidigare i \u00e5r f\u00f6reslog <a class=\"external-link\" rel=\"noreferrer noopener nofollow\" target=\"_blank\" href=\"https:\/\/www.regeringen.se\/contentassets\/ede3c3112e7d49dbb36021c8c29e7412\/straffbarhetsaldern-sou-202511.pdf\">en utredning<\/a> en tillf\u00e4llig s\u00e4nkning av straffbarhets\u00e5ldern f\u00f6r vissa grova brott, men<a class=\"external-link\" rel=\"noreferrer noopener nofollow\" target=\"_blank\" href=\"https:\/\/www.expressen.se\/debatt\/debatt-straffbarhetsaldern-ska-sankas-till-13-ar\/\"> regeringen vill<\/a> s\u00e4nka <a class=\"external-link\" rel=\"noreferrer noopener nofollow\" target=\"_blank\" href=\"https:\/\/www.regeringen.se\/contentassets\/72996e4aa26a49599ca87678dd61af08\/utkast-till-lrr-sankt-straffbarhetsalder-for-allvarliga-brott.pdf\">straffbarhets\u00e5ldern ytterligare till 13 \u00e5r<\/a>. Det beror enligt Gunnar Str\u00f6mmer p\u00e5 en bed\u00f6mning av problembilden.<\/p>\n<p>\u201dDet \u00e5terspeglar ett allvarligt l\u00e4ge d\u00e4r vi kan se att brottsligheten i stort har g\u00e5tt ner. Men kopplingen till den allvarligaste brottsligheten har dessv\u00e4rre g\u00e5tt upp, inte minst till f\u00f6ljd av att rekryteringen har f\u00f6rflyttat sig till den digitala milj\u00f6n. Det m\u00e5ste vi svara upp emot n\u00e4r det g\u00e4ller straffen, f\u00f6r att skydda samh\u00e4llet mot farliga personer, f\u00f6r att ge uppr\u00e4ttelse till brottsoffer, men ocks\u00e5 skydda de h\u00e4r barnen mot sig sj\u00e4lva, och mot kriminella n\u00e4tverk&#8221;, s\u00e4ger Gunnar Str\u00f6mmer. <\/p>\n<p>F\u00f6rslaget om att s\u00e4nka straffbarhets\u00e5ldern har f\u00e5tt kritik fr\u00e5n m\u00e5nga h\u00e5ll. Bland annat motsatte sig sju av nio av utredningens experter en s\u00e4nkning, och en majoritet av de <a class=\"external-link\" rel=\"noreferrer noopener nofollow\" target=\"_blank\" href=\"https:\/\/www.regeringen.se\/remisser\/2025\/02\/remiss-av-straffbarhetsaldern-sou-202511\/\">remissinstanser<\/a> som kommit med synpunkter avstyrker f\u00f6rslaget. <\/p>\n<p>En del av kritiken handlar om att <a class=\"external-link\" rel=\"noreferrer noopener nofollow\" target=\"_blank\" href=\"https:\/\/regeringen.se\/contentassets\/83ec89c15daa455693e444dbc4bd6631\/malmo-universitet.pdf\">det inte finns n\u00e5got vetenskapligt st\u00f6d<\/a> f\u00f6r att <a class=\"external-link\" rel=\"noreferrer noopener nofollow\" target=\"_blank\" href=\"https:\/\/regeringen.se\/contentassets\/83ec89c15daa455693e444dbc4bd6631\/stockholms-universitet.pdf\">en s\u00e4nkning av straffbarhets\u00e5ldern skulle minska brottsligheten<\/a>. <\/p>\n<p>\u201dSyftet \u00e4r inte prim\u00e4rt det, syftet \u00e4r prim\u00e4rt att skydda samh\u00e4llet mot farliga individer, och att ge en uppr\u00e4ttelse \u00e5t de brottsoffer som har drabbats av en viss brottslighet. Och ocks\u00e5 f\u00e5 b\u00e4ttre m\u00f6jligheter att skydda de h\u00e4r barnen fr\u00e5n g\u00e4ngen och skapa andra f\u00f6ruts\u00e4ttningar att se till att de kommer ut som b\u00e4ttre m\u00e4nniskor p\u00e5 andra sidan.\u201d s\u00e4ger Gunnar Str\u00f6mmer. <\/p>\n<p>Det finns ocks\u00e5 oro f\u00f6r att brottsligheten kommer att tryckas ner ytterligare i \u00e5ldrarna. Gunnar Str\u00f6mmer menar att regeringen ska f\u00f6lja utvecklingen noggrant, och att det \u00e4r en anledning till att lagen ska vara tillf\u00e4llig. <\/p>\n<p>\u201dDen ska g\u00e4lla tillf\u00e4lligt under fem \u00e5r. Den ska genomf\u00f6ras tillsammans med en l\u00e5ng rad andra reformer som ska tr\u00e4ffa den h\u00e4r problembilden. D\u00e5 \u00e4r huvudsp\u00e5ret att man efter tv\u00e5 och ett halvt, tre \u00e5r tills\u00e4tter en ny utredning som f\u00e5r g\u00e5 igenom, mycket noggrant, b\u00e5de fall f\u00f6r fall och som helhet, vad det h\u00e4r f\u00e5r f\u00f6r effekter. Och sen f\u00f6resl\u00e5 om systemet ska permanentas, f\u00f6r\u00e4ndras eller tas bort\u201d, s\u00e4ger Gunnar Str\u00f6mmer. <\/p>\n<p>Polis och \u00e5klagare varnar f\u00f6r orimliga konsekvenser<\/p>\n<p>Polis och \u00e5klagare tror att en s\u00e4nkning av straffbarhets\u00e5ldern vid vissa grova brott kommer att bli sv\u00e5rt att genomf\u00f6ra i praktiken. Polisen menar att f\u00f6rslaget skulle orsaka \u201d<a class=\"external-link\" rel=\"noreferrer noopener nofollow\" target=\"_blank\" href=\"https:\/\/regeringen.se\/contentassets\/83ec89c15daa455693e444dbc4bd6631\/polismyndigheten.pdf\">betydande praktiska sv\u00e5righeter f\u00f6r myndighetens verksamhet<\/a>\u201d, och \u00c5klagarkammaren anser att en s\u00e4nkning f\u00f6r vissa grova brott  \u201d<a class=\"external-link\" rel=\"noreferrer noopener nofollow\" target=\"_blank\" href=\"https:\/\/regeringen.se\/contentassets\/83ec89c15daa455693e444dbc4bd6631\/aklagarmyndigheten.pdf\">medf\u00f6r avsev\u00e4rda till\u00e4mpningsproblem samt f\u00e5r orimliga konsekvenser<\/a>\u201d.<\/p>\n<p>\u201dDen h\u00e4r modellen \u00e4r inte perfekt, men den grundar sig i en tankeg\u00e5ng att vi beh\u00f6ver s\u00e4nka under en begr\u00e4nsad tid, men vi ska inte g\u00f6ra det generellt, utan g\u00e5 mot de allvarliga brotten. Det \u00e4r viktigt av f\u00f6ruts\u00e4gbarhetssk\u00e4l att det \u00e4r tydligt i lagstiftningen vad vi avser, att vi inte \u00f6verl\u00e5ter sorteringen av straffbarheten till skickliga \u00e5klagare. <\/p>\n<p><strong>S\u00e5 de f\u00e5r tugga i sig det h\u00e4r? <\/strong><\/p>\n<p>\u201dJa, s\u00e5 kan du naturligtvis beskriva det. Det \u00e4r m\u00e5nga i v\u00e5rt samh\u00e4lle som f\u00e5r tugga i sig att vi har en r\u00e4tt problematisk situation n\u00e4r det g\u00e4ller barn i allvarlig brottslighet.\u201d<\/p>\n<p><strong>Programledare:<\/strong> Mattias Rensmo<br \/><strong>Kommentator<\/strong>: Fredrik Furtenbach\u00a0<br \/><strong>Producent:<\/strong> Johanna Palmstr\u00f6m\u00a0<br \/><strong>Tekniker:<\/strong> Sussie Martinsson\u00a0\u00a0<\/p>\n<p>Intervjun spelades in fredagen den 17 oktober 2025. \u00a0<\/p>\n","protected":false},"excerpt":{"rendered":"Ledaren f\u00f6r det s\u00e5 kallade Dalenn\u00e4tverket Mikael \u201dGreken\u201d Tenezos anl\u00e4nde i fredags till Sverige, deporterad fr\u00e5n Mexiko d\u00e4r&hellip;\n","protected":false},"author":2,"featured_media":58524,"comment_status":"","ping_status":"","sticky":false,"template":"","format":"standard","meta":{"footnotes":""},"categories":[5],"tags":[22,23,2825,2826,2823,26,27,17,21,2828,2824,24,25,28,29,15,16,18,34,31,33,32,30,2827,19,20],"class_list":{"0":"post-58523","1":"post","2":"type-post","3":"status-publish","4":"format-standard","5":"has-post-thumbnail","7":"category-rubriker","8":"tag-breaking-news","9":"tag-breakingnews","10":"tag-ekointervju","11":"tag-ekointervjun","12":"tag-ekots-lrdagsintervju","13":"tag-featured-news","14":"tag-featurednews","15":"tag-headlines","16":"tag-huvudnyheter","17":"tag-interviews","18":"tag-lrdagsintervjun","19":"tag-latest-news","20":"tag-latestnews","21":"tag-main-news","22":"tag-mainnews","23":"tag-news","24":"tag-nyheter","25":"tag-rubriker","26":"tag-se","27":"tag-svenska","28":"tag-sverige","29":"tag-sweden","30":"tag-swedish","31":"tag-swedish-radio","32":"tag-top-stories","33":"tag-topstories"},"share_on_mastodon":{"url":"","error":""},"_links":{"self":[{"href":"https:\/\/www.europesays.com\/se\/wp-json\/wp\/v2\/posts\/58523","targetHints":{"allow":["GET"]}}],"collection":[{"href":"https:\/\/www.europesays.com\/se\/wp-json\/wp\/v2\/posts"}],"about":[{"href":"https:\/\/www.europesays.com\/se\/wp-json\/wp\/v2\/types\/post"}],"author":[{"embeddable":true,"href":"https:\/\/www.europesays.com\/se\/wp-json\/wp\/v2\/users\/2"}],"replies":[{"embeddable":true,"href":"https:\/\/www.europesays.com\/se\/wp-json\/wp\/v2\/comments?post=58523"}],"version-history":[{"count":0,"href":"https:\/\/www.europesays.com\/se\/wp-json\/wp\/v2\/posts\/58523\/revisions"}],"wp:featuredmedia":[{"embeddable":true,"href":"https:\/\/www.europesays.com\/se\/wp-json\/wp\/v2\/media\/58524"}],"wp:attachment":[{"href":"https:\/\/www.europesays.com\/se\/wp-json\/wp\/v2\/media?parent=58523"}],"wp:term":[{"taxonomy":"category","embeddable":true,"href":"https:\/\/www.europesays.com\/se\/wp-json\/wp\/v2\/categories?post=58523"},{"taxonomy":"post_tag","embeddable":true,"href":"https:\/\/www.europesays.com\/se\/wp-json\/wp\/v2\/tags?post=58523"}],"curies":[{"name":"wp","href":"https:\/\/api.w.org\/{rel}","templated":true}]}}