{"id":58527,"date":"2025-10-18T11:11:07","date_gmt":"2025-10-18T11:11:07","guid":{"rendered":"https:\/\/www.europesays.com\/se\/58527\/"},"modified":"2025-10-18T11:11:07","modified_gmt":"2025-10-18T11:11:07","slug":"fyra-gripna-efter-misstankt-valdtakt-pa-farja-vasterbottens-kuriren","status":"publish","type":"post","link":"https:\/\/www.europesays.com\/se\/58527\/","title":{"rendered":"Fyra gripna efter misst\u00e4nkt v\u00e5ldt\u00e4kt p\u00e5 f\u00e4rja &#8211; V\u00e4sterbottens-Kuriren"},"content":{"rendered":"<ol>\n<li><a href=\"https:\/\/news.google.com\/rss\/articles\/CBMihwFBVV95cUxPU2F6cDZKb3pqTUdoRWZFeDV0NTdIVWt1b0ZFTEt4VVRMQ0ZVdXJ3dEliMnRXbHhfRUlIYTFmZWtnLUh5Y1JGUGExRmI1SVZLeFNCa051c2tieUpFWE9pa0sxemFpREY3ZjJPQTJnSE9VZ2E1clpWMDgyMnRfVEpRN3lGN25JUzQ?oc=5\" target=\"_blank\" rel=\"nofollow noopener\">Fyra gripna efter misst\u00e4nkt v\u00e5ldt\u00e4kt p\u00e5 f\u00e4rja<\/a>&nbsp;&nbsp;V\u00e4sterbottens-Kuriren<\/li>\n<li><a href=\"https:\/\/news.google.com\/rss\/articles\/CBMiekFVX3lxTE1XdktGNWhkd2w1NmdEa3V2OFJOM0NkWHJ2S05fdHNLdGNGMy1qSVd2RGlSMlotR0JaLXZkXzV0MVFsYWFDcnJrM3F6SXN3QXNaUzktT3haM19tMGJycEJpNXVRVGt1MDI4REdGT1kydm1XaHZFVzc4dUxB?oc=5\" target=\"_blank\" rel=\"nofollow noopener\">Misst\u00e4nkt gruppv\u00e5ldt\u00e4kt p\u00e5 f\u00e4rja \u2013 fyra m\u00e4n gripna<\/a>&nbsp;&nbsp;Aftonbladet<\/li>\n<li><a href=\"https:\/\/news.google.com\/rss\/articles\/CBMiiwFBVV95cUxOSjdQRnppVFVuYWtOMkRJNHBtWHlCbFBUUkpwODB4MVFYYWg5ZDdnMkh0bVdNZlNGQXZGTGdLb21mR3YwbjhHblpSVnRrSG5WYS15el9QbWJCTDA2Rzhob2drZi0zRzRpc2hiejhtcmZRSzR1ZG5pUDVZY0QyZ3h1X0o0eEJEOW93SEhF?oc=5\" target=\"_blank\" rel=\"nofollow noopener\">Larm om gruppv\u00e5ldt\u00e4kt p\u00e5 Finlandsf\u00e4rja \u2013 flera gripna<\/a>&nbsp;&nbsp;expressen.se<\/li>\n<li><a href=\"https:\/\/news.google.com\/rss\/articles\/CBMiekFVX3lxTE9weFVXMUVDSVdQZEM1Tm5xaDJvM25PeGpsS3QtelFBZzJ6azUwZ28tVmRBVTJwQjJZZld2QkxmQlVEQWtRUENxX0R4VENUd3NJblExMmVkWHVVejJEYVl2WHJEZllJQVZ6X0U4VWNQNlNQbHhNYUdnNFR3?oc=5\" target=\"_blank\" rel=\"nofollow noopener\">Misst\u00e4nkt v\u00e5ldt\u00e4kt p\u00e5 Finlandsf\u00e4rja \u2013 fyra gripna<\/a>&nbsp;&nbsp;Omni<\/li>\n<li><a href=\"https:\/\/news.google.com\/rss\/articles\/CBMijAFBVV95cUxQTjVQdUw5X1h4M2xYYk8zSURaOUxQTkF0TGFVcnVFbE9PYUMwaFRCR2F0R0JVdV9tUXk5UkZFREM1VWptbXBIelRrcXdNazg1X0I0ZzN0WnJCVWczamlpYk9nU29lc1ZiSGtoM3VsYkgzTjdGNlBiRTE3azNrYTB5UkQxcGFlTnBabktObg?oc=5\" target=\"_blank\" rel=\"nofollow noopener\">Fyra gripna efter misst\u00e4nkt v\u00e5ldt\u00e4kt p\u00e5 kryssningsfartyg<\/a>&nbsp;&nbsp;Hufvudstadsbladet<\/li>\n<\/ol>\n","protected":false},"excerpt":{"rendered":"Fyra gripna efter misst\u00e4nkt v\u00e5ldt\u00e4kt p\u00e5 f\u00e4rja&nbsp;&nbsp;V\u00e4sterbottens-Kuriren Misst\u00e4nkt gruppv\u00e5ldt\u00e4kt p\u00e5 f\u00e4rja \u2013 fyra m\u00e4n gripna&nbsp;&nbsp;Aftonbladet Larm om gruppv\u00e5ldt\u00e4kt&hellip;\n","protected":false},"author":2,"featured_media":58528,"comment_status":"","ping_status":"","sticky":false,"template":"","format":"standard","meta":{"footnotes":""},"categories":[12],"tags":[22,23,26,27,17,21,24,25,28,29,15,16,18,34,31,33,32,30,19,20],"class_list":{"0":"post-58527","1":"post","2":"type-post","3":"status-publish","4":"format-standard","5":"has-post-thumbnail","7":"category-sverige","8":"tag-breaking-news","9":"tag-breakingnews","10":"tag-featured-news","11":"tag-featurednews","12":"tag-headlines","13":"tag-huvudnyheter","14":"tag-latest-news","15":"tag-latestnews","16":"tag-main-news","17":"tag-mainnews","18":"tag-news","19":"tag-nyheter","20":"tag-rubriker","21":"tag-se","22":"tag-svenska","23":"tag-sverige","24":"tag-sweden","25":"tag-swedish","26":"tag-top-stories","27":"tag-topstories"},"share_on_mastodon":{"url":"","error":""},"_links":{"self":[{"href":"https:\/\/www.europesays.com\/se\/wp-json\/wp\/v2\/posts\/58527","targetHints":{"allow":["GET"]}}],"collection":[{"href":"https:\/\/www.europesays.com\/se\/wp-json\/wp\/v2\/posts"}],"about":[{"href":"https:\/\/www.europesays.com\/se\/wp-json\/wp\/v2\/types\/post"}],"author":[{"embeddable":true,"href":"https:\/\/www.europesays.com\/se\/wp-json\/wp\/v2\/users\/2"}],"replies":[{"embeddable":true,"href":"https:\/\/www.europesays.com\/se\/wp-json\/wp\/v2\/comments?post=58527"}],"version-history":[{"count":0,"href":"https:\/\/www.europesays.com\/se\/wp-json\/wp\/v2\/posts\/58527\/revisions"}],"wp:featuredmedia":[{"embeddable":true,"href":"https:\/\/www.europesays.com\/se\/wp-json\/wp\/v2\/media\/58528"}],"wp:attachment":[{"href":"https:\/\/www.europesays.com\/se\/wp-json\/wp\/v2\/media?parent=58527"}],"wp:term":[{"taxonomy":"category","embeddable":true,"href":"https:\/\/www.europesays.com\/se\/wp-json\/wp\/v2\/categories?post=58527"},{"taxonomy":"post_tag","embeddable":true,"href":"https:\/\/www.europesays.com\/se\/wp-json\/wp\/v2\/tags?post=58527"}],"curies":[{"name":"wp","href":"https:\/\/api.w.org\/{rel}","templated":true}]}}