{"id":58579,"date":"2025-10-18T14:01:43","date_gmt":"2025-10-18T14:01:43","guid":{"rendered":"https:\/\/www.europesays.com\/se\/58579\/"},"modified":"2025-10-18T14:01:43","modified_gmt":"2025-10-18T14:01:43","slug":"flera-olyckor-pa-vagarna-i-vast-verkligen-snorhalt","status":"publish","type":"post","link":"https:\/\/www.europesays.com\/se\/58579\/","title":{"rendered":"Flera olyckor p\u00e5 v\u00e4garna i v\u00e4st: \u201dVerkligen snorhalt\u201d"},"content":{"rendered":"<p>Av Anders Hovne<br \/>Publicerad 18 oktober, 09:05. Uppdaterad 18 oktober, 10:09<\/p>\n<p>Pl\u00f6tslig halka har lett till flera olyckor p\u00e5 v\u00e4garna i V\u00e4stsverige under morgonen. GP rapporterar bland annat om en lastbil som st\u00e4llt sig rakt \u00f6ver v\u00e4gbanan p\u00e5 E20 och orsakat stopp. <\/p>\n<p>Flera olyckor har ocks\u00e5 skett p\u00e5 riksv\u00e4g 40. <\/p>\n<p>Aftonbladet skriver om olyckor ocks\u00e5 E6, d\u00e4r bilisten Linus Olsson s\u00e5g hur flera bilar kolliderade.<\/p>\n<p>\u2013 Det var snorhalt verkligen. S\u00e5 de dammade ihop och det blev helt stopp p\u00e5 v\u00e4gen ett tag, s\u00e4ger han till tidningen. <\/p>\n<p>P\u00e5 riksv\u00e4g 45 har nio bilar varit inbladade i en eller flera olyckor i h\u00f6jd med Lilla Edet, skriver polisen p\u00e5 sajt. Tre personer har f\u00f6rts till sjukhus med bland annat nacksm\u00e4rtor, sm\u00e4rtor i rygg och b\u00e4cken.<\/p>\n<p>Omni \u00e4r politiskt obundna och oberoende. Vi str\u00e4var efter att ge fler perspektiv p\u00e5 nyheterna. Har du fr\u00e5gor eller synpunkter kring v\u00e5r rapportering? <a href=\"https:\/\/omni.se\/flera-olyckor-pa-vagarna-i-vast-var-verkligen-snorhalt\/a\/mailto:redaktion@omni.se\" class=\"ArticleActions_contactLink__W2F1M\" rel=\"nofollow noopener\" target=\"_blank\">Kontakta redaktionen<\/a><\/p>\n","protected":false},"excerpt":{"rendered":"Av Anders HovnePublicerad 18 oktober, 09:05. Uppdaterad 18 oktober, 10:09 Pl\u00f6tslig halka har lett till flera olyckor p\u00e5&hellip;\n","protected":false},"author":2,"featured_media":58580,"comment_status":"","ping_status":"","sticky":false,"template":"","format":"standard","meta":{"footnotes":""},"categories":[5],"tags":[22,23,26,27,17,21,24,25,28,29,15,16,18,34,31,33,32,30,19,20,693,1084],"class_list":{"0":"post-58579","1":"post","2":"type-post","3":"status-publish","4":"format-standard","5":"has-post-thumbnail","7":"category-rubriker","8":"tag-breaking-news","9":"tag-breakingnews","10":"tag-featured-news","11":"tag-featurednews","12":"tag-headlines","13":"tag-huvudnyheter","14":"tag-latest-news","15":"tag-latestnews","16":"tag-main-news","17":"tag-mainnews","18":"tag-news","19":"tag-nyheter","20":"tag-rubriker","21":"tag-se","22":"tag-svenska","23":"tag-sverige","24":"tag-sweden","25":"tag-swedish","26":"tag-top-stories","27":"tag-topstories","28":"tag-vader","29":"tag-vastra-gotalands-lan"},"share_on_mastodon":{"url":"","error":""},"_links":{"self":[{"href":"https:\/\/www.europesays.com\/se\/wp-json\/wp\/v2\/posts\/58579","targetHints":{"allow":["GET"]}}],"collection":[{"href":"https:\/\/www.europesays.com\/se\/wp-json\/wp\/v2\/posts"}],"about":[{"href":"https:\/\/www.europesays.com\/se\/wp-json\/wp\/v2\/types\/post"}],"author":[{"embeddable":true,"href":"https:\/\/www.europesays.com\/se\/wp-json\/wp\/v2\/users\/2"}],"replies":[{"embeddable":true,"href":"https:\/\/www.europesays.com\/se\/wp-json\/wp\/v2\/comments?post=58579"}],"version-history":[{"count":0,"href":"https:\/\/www.europesays.com\/se\/wp-json\/wp\/v2\/posts\/58579\/revisions"}],"wp:featuredmedia":[{"embeddable":true,"href":"https:\/\/www.europesays.com\/se\/wp-json\/wp\/v2\/media\/58580"}],"wp:attachment":[{"href":"https:\/\/www.europesays.com\/se\/wp-json\/wp\/v2\/media?parent=58579"}],"wp:term":[{"taxonomy":"category","embeddable":true,"href":"https:\/\/www.europesays.com\/se\/wp-json\/wp\/v2\/categories?post=58579"},{"taxonomy":"post_tag","embeddable":true,"href":"https:\/\/www.europesays.com\/se\/wp-json\/wp\/v2\/tags?post=58579"}],"curies":[{"name":"wp","href":"https:\/\/api.w.org\/{rel}","templated":true}]}}