{"id":58585,"date":"2025-10-18T14:11:17","date_gmt":"2025-10-18T14:11:17","guid":{"rendered":"https:\/\/www.europesays.com\/se\/58585\/"},"modified":"2025-10-18T14:11:17","modified_gmt":"2025-10-18T14:11:17","slug":"alexander-isak-ar-redo-for-spel","status":"publish","type":"post","link":"https:\/\/www.europesays.com\/se\/58585\/","title":{"rendered":"Alexander Isak \u00e4r redo f\u00f6r spel"},"content":{"rendered":"<p><strong><a href=\"https:\/\/www.google.com\/url?sa=t&amp;source=web&amp;rct=j&amp;opi=89978449&amp;url=https:\/\/fotbolldirekt.se\/spelare\/alexander-isak\/&amp;ved=2ahUKEwiG5teF2quQAxWIKhAIHZWmLFEQFnoECAoQAQ&amp;usg=AOvVaw1ec8U7tjKbMwpQk5ZXhDxB\" rel=\"nofollow noopener\" target=\"_blank\">Alexander Isak<\/a> bed\u00f6ms nu vara redo f\u00f6r fulla matcher i Liverpool.<\/strong><br \/><strong>Tr\u00e4naren Arne Slot meddelar att anfallaren, som tidigare matchats f\u00f6rsiktigt, nu \u00e4r redo.<br \/>\u2013 Hans f\u00f6rs\u00e4song \u00e4r \u00f6ver nu, s\u00e4ger han till\u00a0Liverpool Echo.<\/strong><\/p>\n<p><img loading=\"lazy\" decoding=\"async\" width=\"1024\" height=\"576\" src=\"https:\/\/www.europesays.com\/se\/wp-content\/uploads\/2025\/10\/isak-redo-1024x576.jpg\" alt=\"\" class=\"wp-image-330009\"  \/>Foto: Bildbyr\u00e5n<\/p>\n<p>P\u00e5 s\u00f6ndag st\u00e4lls <a href=\"https:\/\/www.google.com\/url?sa=t&amp;source=web&amp;rct=j&amp;opi=89978449&amp;url=https:\/\/fotbolldirekt.se\/klubb\/liverpool\/&amp;ved=2ahUKEwjdsJKM2quQAxUzlMMKHZswPVUQFnoECB4QAQ&amp;usg=AOvVaw134Z5ydqk8tHyMiEzxwxWq\" rel=\"nofollow noopener\" target=\"_blank\">Liverpool<\/a> mot <a href=\"https:\/\/www.google.com\/url?sa=t&amp;source=web&amp;rct=j&amp;opi=89978449&amp;url=https:\/\/fotbolldirekt.se\/klubb\/manchester-united\/&amp;ved=2ahUKEwiEx_mR2quQAxWUBdsEHXNaJDIQFnoECBsQAQ&amp;usg=AOvVaw0XthZtJ7K2jm8DaRR_iZu1\" rel=\"nofollow noopener\" target=\"_blank\">Manchester United<\/a> hemma p\u00e5 Anfield. Inf\u00f6r storm\u00f6tet s\u00e4ger Slot att Isak \u00e4r fysiskt redo efter att ha saknat ordentlig tr\u00e4ning med Newcastle under sommaren.<\/p>\n<p>\u2013 Jag tror att han nu har haft sina fem\u2013sex veckor med f\u00f6rs\u00e4song, vilket \u00e4r normalt, s\u00e4rskilt om man varit borta tre\u2013fyra m\u00e5nader. Konditionsm\u00e4ssigt \u00e4r han n\u00e4ra den niv\u00e5 han ska vara p\u00e5, s\u00e4ger Slot till\u00a0Liverpool Echo.<br \/>\u2013 Hans f\u00f6rs\u00e4song \u00e4r kanske \u00f6ver nu. <\/p>\n<p>I Premier League har Isak hittills noterats f\u00f6r ett m\u00e5l och en assist p\u00e5 sex matcher. <br \/>Liverpool ligger p\u00e5 andra plats i tabellen.<\/p>\n","protected":false},"excerpt":{"rendered":"Alexander Isak bed\u00f6ms nu vara redo f\u00f6r fulla matcher i Liverpool.Tr\u00e4naren Arne Slot meddelar att anfallaren, som tidigare&hellip;\n","protected":false},"author":2,"featured_media":58586,"comment_status":"","ping_status":"","sticky":false,"template":"","format":"standard","meta":{"footnotes":""},"categories":[68],"tags":[34,111,110,31,33,32,30,591],"class_list":{"0":"post-58585","1":"post","2":"type-post","3":"status-publish","4":"format-standard","5":"has-post-thumbnail","7":"category-sport","8":"tag-se","9":"tag-sport","10":"tag-sports","11":"tag-svenska","12":"tag-sverige","13":"tag-sweden","14":"tag-swedish","15":"tag-tredje-trean"},"share_on_mastodon":{"url":"","error":""},"_links":{"self":[{"href":"https:\/\/www.europesays.com\/se\/wp-json\/wp\/v2\/posts\/58585","targetHints":{"allow":["GET"]}}],"collection":[{"href":"https:\/\/www.europesays.com\/se\/wp-json\/wp\/v2\/posts"}],"about":[{"href":"https:\/\/www.europesays.com\/se\/wp-json\/wp\/v2\/types\/post"}],"author":[{"embeddable":true,"href":"https:\/\/www.europesays.com\/se\/wp-json\/wp\/v2\/users\/2"}],"replies":[{"embeddable":true,"href":"https:\/\/www.europesays.com\/se\/wp-json\/wp\/v2\/comments?post=58585"}],"version-history":[{"count":0,"href":"https:\/\/www.europesays.com\/se\/wp-json\/wp\/v2\/posts\/58585\/revisions"}],"wp:featuredmedia":[{"embeddable":true,"href":"https:\/\/www.europesays.com\/se\/wp-json\/wp\/v2\/media\/58586"}],"wp:attachment":[{"href":"https:\/\/www.europesays.com\/se\/wp-json\/wp\/v2\/media?parent=58585"}],"wp:term":[{"taxonomy":"category","embeddable":true,"href":"https:\/\/www.europesays.com\/se\/wp-json\/wp\/v2\/categories?post=58585"},{"taxonomy":"post_tag","embeddable":true,"href":"https:\/\/www.europesays.com\/se\/wp-json\/wp\/v2\/tags?post=58585"}],"curies":[{"name":"wp","href":"https:\/\/api.w.org\/{rel}","templated":true}]}}