{"id":58609,"date":"2025-10-18T15:10:14","date_gmt":"2025-10-18T15:10:14","guid":{"rendered":"https:\/\/www.europesays.com\/se\/58609\/"},"modified":"2025-10-18T15:10:14","modified_gmt":"2025-10-18T15:10:14","slug":"oliver-kylington-klar-for-djurgarden","status":"publish","type":"post","link":"https:\/\/www.europesays.com\/se\/58609\/","title":{"rendered":"Oliver Kylington klar f\u00f6r Djurg\u00e5rden"},"content":{"rendered":"<p><img decoding=\"async\" class=\"image-asset hyperion-css-n6kkq1\" data-test-tag=\"image-asset\" src=\"https:\/\/www.europesays.com\/se\/wp-content\/uploads\/2025\/10\/1760800212_213_0fe4a4f9-ff14-4ac8-9abc-4e04bf7ba698\"  alt=\"\"  loading=\"lazy\" fetchpriority=\"auto\" style=\"aspect-ratio:1900 \/ 1900\"\/><img decoding=\"async\" class=\"image-asset hyperion-css-n6kkq1\" data-test-tag=\"image-asset\" src=\"https:\/\/www.europesays.com\/se\/wp-content\/uploads\/2025\/10\/1760800213_902_be766d86-0a01-427b-a374-88c037ad4655\"  alt=\"\"  loading=\"lazy\" fetchpriority=\"auto\" style=\"aspect-ratio:1900 \/ 1900\"\/><\/p>\n<p class=\"boxtextgrotesk-root_baa6 hyperion-css-1w346fg\">Uppdaterad 16.30 | Publicerad 15.01<\/p>\n<p>share-arrowDela<\/p>\n<p>unsaveSpara<\/p>\n<p class=\"hyperion-css-1shl3oz\" data-test-tag=\"lead-text\">10 \u00e5r blev det p\u00e5 andra sidan Atlanten. <\/p>\n<p class=\"hyperion-css-1shl3oz\" data-test-tag=\"lead-text\">Nu v\u00e4nder Oliver Kylington, 28, hem till Djurg\u00e5rden.<\/p>\n<p class=\"hyperion-css-1shl3oz\" data-test-tag=\"lead-text\">\u2013 Jag vill producera och vara en X-faktor d\u00e4r ute, s\u00e4ger han.<\/p>\n<p><img decoding=\"async\" src=\"https:\/\/www.europesays.com\/se\/wp-content\/uploads\/2025\/10\/dd5bd3b96386d2014800580045c3241a.jpg\" class=\"thumbnail-image_fbfd\" alt=\"HV71 k\u00f6rde \u00f6ver Djurg\u00e5rden \u2013\u00a0m\u00e5lvakten kritiseras\"\/><\/p>\n<p>HV71 k\u00f6rde \u00f6ver Djurg\u00e5rden \u2013\u00a0m\u00e5lvakten kritiseras<\/p>\n<p>1:20<\/p>\n<p class=\"hyperion-css-1v9qo5x\">Annons<br \/><strong><a aria-label=\"Streama hela SHL-s\u00e4songen p\u00e5 TV4 Play\" class=\"sportbladet hyperion-css-15jkft9\" href=\"https:\/\/www.tv4play.se\/kampanj\/sportbladet?utm_source=salj&amp;utm_medium=extern+&amp;utm_campaign=shl_aftonbladet_artiklar2025\" rel=\"noopener nofollow noreferrer\" data-test-tag=\"external-link\" target=\"_blank\">Streama hela SHL-s\u00e4songen p\u00e5 TV4 Play<\/a><\/strong><\/p>\n<p class=\"hyperion-css-1v9qo5x\">Den svenske backen har 220 NHL-matcher under b\u00e4ltet \u2013 och nu \u00e4r han tillbaka i SHL. <\/p>\n<p class=\"hyperion-css-1v9qo5x\">Det har tisslats och tasslats om att <a data-test-tag=\"internal-link\" href=\"https:\/\/www.aftonbladet.se\/tagg\/oliver-kylington\" class=\"hyperion-css-15jkft9\" rel=\"nofollow noopener\" target=\"\" aria-label=\"Oliver Kylington\" theme=\"sportbladet\">Oliver Kylington<\/a> skulle vara tillbaka i Djurg\u00e5rden \u2013 och nu \u00e4r det allts\u00e5 helt klart. <\/p>\n<p class=\"hyperion-css-1v9qo5x\">Strax innan Bl\u00e5r\u00e4ndernas m\u00f6te med Bryn\u00e4s p\u00e5 Hovet gick man ut med nyheten p\u00e5 mediekuben \u2013 till stort jubel.<\/p>\n<p class=\"hyperion-css-1v9qo5x\">\u2013 Det \u00e4r mycket k\u00e4nslor. Mycket stolthet och tacksamhet. Jag ser fram emot att f\u00e5 dra p\u00e5 mig Djurg\u00e5rdstr\u00f6jan och spela framf\u00f6r alla fans h\u00e4r och f\u00f6rs\u00f6ka bidra med det jag \u00e4r bra p\u00e5, s\u00e4ger Kylington i h\u00f6gtalarsystemet.<\/p>\n<p>expand-left<\/p>\n<p>helsk\u00e4rm<img decoding=\"async\" class=\"image-asset hyperion-css-u06ts1\" data-test-tag=\"image-asset\" src=\"https:\/\/www.europesays.com\/se\/wp-content\/uploads\/2025\/10\/545eff70-0662-4e3a-9725-fe00489bbf58\"  alt=\"Oliver Kylington presenterades p\u00e5 jumbotronen inf\u00f6r nedsl\u00e4pp.\"  loading=\"eager\" fetchpriority=\"high\" style=\"aspect-ratio:1900 \/ 1425\"\/>Oliver Kylington presenterades p\u00e5 jumbotronen inf\u00f6r nedsl\u00e4pp. Foto: Jonathan Knekta<\/p>\n<p class=\"hyperion-css-1v9qo5x\">28-\u00e5ringen spelade i Djurg\u00e5rdens J18 s\u00e4songen 2011\u20132012. Han s\u00e4ger att det \u00e4r m\u00e5nga saker som ligger bakom hans \u00e5terkomst.<\/p>\n<p class=\"hyperion-css-1v9qo5x\">\u2013 Jag har varit borta i 10 \u00e5r. Nu f\u00e5r jag v\u00e4nda hem och vara n\u00e4ra min familj som jag varit ifr\u00e5n l\u00e4nge. Jag har m\u00e5nga relationer till folk som spelar i Djurg\u00e5rden och har varit i Djurg\u00e5rden v\u00e4ldigt l\u00e4nge. Det var m\u00e5nga parametrar som st\u00e4mde in.<\/p>\n<p>Ber\u00e4ttade om psykisk oh\u00e4lsa<\/p>\n<p class=\"hyperion-css-1v9qo5x\">F\u00f6r lite mer \u00e4n ett \u00e5r sedan var Oliver Kylington tillbaka p\u00e5 isen f\u00f6r sitt Calgary Flames efter sin psykiska oh\u00e4lsa. <\/p>\n<p class=\"hyperion-css-1v9qo5x\">\u2013 Formen k\u00e4nns bra. Jag var borta en m\u00e5nad p\u00e5 camp i Nordamerika i Carolina, s\u00e5 jag har h\u00e5llit ig\u00e5ng. Jag k\u00e4nner mig i bra form, b\u00e5de mentalt och fysiskt.<\/p>\n<p class=\"hyperion-css-1v9qo5x\">Kylington har tidigare bara representerat F\u00e4rjestad i SHL, men \u00e4ven gjort framtr\u00e4danden f\u00f6r AIK i hockeyallsvenskan. <\/p>\n<p class=\"hyperion-css-1v9qo5x\">Kontraktet med Djurg\u00e5rden str\u00e4cker sig \u00f6ver s\u00e4songen och han har tr\u00e4nat med juniorlaget den senaste tiden.<\/p>\n<p>Wikeg\u00e5rd: \u201dHan g\u00f6r det inte f\u00f6r pengarna\u201d<\/p>\n<p class=\"hyperion-css-1v9qo5x\">Kylington g\u00f6r sin f\u00f6rsta tr\u00e4ning med laget p\u00e5 m\u00e5ndag och Niklas Wikeg\u00e5rd, sportsligt ansvarig f\u00f6r Djurg\u00e5rden, ber\u00e4ttar f\u00f6r Sportbladet att han \u00e4r uttagningsbar till n\u00e4sta match mot \u00d6rebro p\u00e5 torsdag.<\/p>\n<p class=\"hyperion-css-1v9qo5x\">\u2013 Han kontaktade oss och sa: \u201dJag har m\u00e5nga fina erbjudanden runt omkring i hockey-Europa, men jag vill spela i Djurg\u00e5rden och jag g\u00f6r det inte f\u00f6r pengarna\u201d. Punkt. D\u00e5 tittade vi p\u00e5 spelare som skulle kunna f\u00e5 lite istid hos oss, till exempel Jakob Ragnarsson som \u00e4r en duktig spelare men som skulle hamna lite skrynkligt till. Vi hittade en l\u00f6sning med honom i Helsingfors och s\u00e5 fick vi ihop det med Kylington.<\/p>\n<p class=\"hyperion-css-1v9qo5x\">Wikeg\u00e5rd ber\u00e4ttar att Kylington k\u00e4nner flera av spelarna i laget sedan tidigare.<\/p>\n<p class=\"hyperion-css-1v9qo5x\">\u2013 Han vill spela h\u00e4r, han vill vara n\u00e4ra sin familj. Och vi \u00e4r s\u00e5 klart inte dummare \u00e4n att vi tackar ja till en bra spelare och bra kille.<\/p>\n<p class=\"hyperion-css-1v9qo5x\"><strong>Det l\u00e5ter som ett bra f\u00f6rhandlingsl\u00e4ge f\u00f6r en sportchef n\u00e4r spelaren s\u00e4ger att han inte g\u00f6r det g\u00f6r pengarna?<\/strong><\/p>\n<p class=\"hyperion-css-1v9qo5x\">\u2013 S\u00e5 \u00e4r det och jag \u00e4lskar ju det. Den h\u00e4r killen har ju tio \u00e5r kvar att spela hockey och det \u00e4r klart att han inte lirar gratis hos oss. Absolut inte, han har ju en bra l\u00f6n. Men han hade s\u00e4kert \u2013 om han hade velat \u2013 kunnat f\u00e5 en helt annan l\u00f6n om han hade gett sig ut p\u00e5 den marknaden. Det \u00e4r jag \u00f6vertygad om. Men han vill vara h\u00e4r, han gillar g\u00e4nget och vill vara med och g\u00f6ra Djurg\u00e5rden b\u00e4ttre den h\u00e4r s\u00e4songen.<\/p>\n<p>expand-left<\/p>\n<p>helsk\u00e4rm<img decoding=\"async\" class=\"image-asset hyperion-css-u06ts1\" data-test-tag=\"image-asset\" src=\"https:\/\/www.europesays.com\/se\/wp-content\/uploads\/2025\/10\/dc537728-641a-49be-9883-885c786d2098\"  alt=\"Oliver Kylington.\"  loading=\"eager\" fetchpriority=\"high\" style=\"aspect-ratio:1900 \/ 1267\"\/>Oliver Kylington. Foto: Gary A. Vasquez \/ Usa Today Sports<\/p>\n<p class=\"hyperion-css-1v9qo5x\">arrow <strong><a aria-label=\"Hockey-t\u00e4vlingen Profeten \u2013 ny omg\u00e5ng: \" class=\"sportbladet hyperion-css-15jkft9\" href=\"https:\/\/malservice.aftonbladet.se\/profeten\/season\/67\/matcher\" rel=\"noopener noreferrer nofollow\" data-test-tag=\"external-link\" target=\"_blank\">Hockey-t\u00e4vlingen Profeten \u2013 ny omg\u00e5ng: <\/a><\/strong><strong><a aria-label=\"Tippa hockeymatcher \u2013 utmana v\u00e4nner &amp; experter h\u00e4r\" class=\"sportbladet hyperion-css-15jkft9\" href=\"https:\/\/malservice.aftonbladet.se\/profeten\/season\/67\/matcher\" rel=\"noopener noreferrer nofollow\" data-test-tag=\"external-link\" target=\"_blank\">Tippa hockeymatcher \u2013 utmana v\u00e4nner &amp; experter h\u00e4r<\/a><\/strong><\/p>\n","protected":false},"excerpt":{"rendered":"Uppdaterad 16.30 | Publicerad 15.01 share-arrowDela unsaveSpara 10 \u00e5r blev det p\u00e5 andra sidan Atlanten. Nu v\u00e4nder Oliver&hellip;\n","protected":false},"author":2,"featured_media":58610,"comment_status":"","ping_status":"","sticky":false,"template":"","format":"standard","meta":{"footnotes":""},"categories":[68],"tags":[34,111,110,31,33,32,30],"class_list":{"0":"post-58609","1":"post","2":"type-post","3":"status-publish","4":"format-standard","5":"has-post-thumbnail","7":"category-sport","8":"tag-se","9":"tag-sport","10":"tag-sports","11":"tag-svenska","12":"tag-sverige","13":"tag-sweden","14":"tag-swedish"},"share_on_mastodon":{"url":"","error":""},"_links":{"self":[{"href":"https:\/\/www.europesays.com\/se\/wp-json\/wp\/v2\/posts\/58609","targetHints":{"allow":["GET"]}}],"collection":[{"href":"https:\/\/www.europesays.com\/se\/wp-json\/wp\/v2\/posts"}],"about":[{"href":"https:\/\/www.europesays.com\/se\/wp-json\/wp\/v2\/types\/post"}],"author":[{"embeddable":true,"href":"https:\/\/www.europesays.com\/se\/wp-json\/wp\/v2\/users\/2"}],"replies":[{"embeddable":true,"href":"https:\/\/www.europesays.com\/se\/wp-json\/wp\/v2\/comments?post=58609"}],"version-history":[{"count":0,"href":"https:\/\/www.europesays.com\/se\/wp-json\/wp\/v2\/posts\/58609\/revisions"}],"wp:featuredmedia":[{"embeddable":true,"href":"https:\/\/www.europesays.com\/se\/wp-json\/wp\/v2\/media\/58610"}],"wp:attachment":[{"href":"https:\/\/www.europesays.com\/se\/wp-json\/wp\/v2\/media?parent=58609"}],"wp:term":[{"taxonomy":"category","embeddable":true,"href":"https:\/\/www.europesays.com\/se\/wp-json\/wp\/v2\/categories?post=58609"},{"taxonomy":"post_tag","embeddable":true,"href":"https:\/\/www.europesays.com\/se\/wp-json\/wp\/v2\/tags?post=58609"}],"curies":[{"name":"wp","href":"https:\/\/api.w.org\/{rel}","templated":true}]}}