{"id":58654,"date":"2025-10-18T16:27:07","date_gmt":"2025-10-18T16:27:07","guid":{"rendered":"https:\/\/www.europesays.com\/se\/58654\/"},"modified":"2025-10-18T16:27:07","modified_gmt":"2025-10-18T16:27:07","slug":"kommer-inte-bli-nagon-ny-karnkraft","status":"publish","type":"post","link":"https:\/\/www.europesays.com\/se\/58654\/","title":{"rendered":"Kommer inte bli n\u00e5gon ny k\u00e4rnkraft"},"content":{"rendered":"<p>Milj\u00f6partiet \u00e4r fast beslutade att bek\u00e4mpa alla f\u00f6rs\u00f6k att bygga nya k\u00e4rnkraftverk i Sverige. Det s\u00e4ger Milj\u00f6partiets spr\u00e5kr\u00f6r Daniel Helld\u00e9n i sitt tal p\u00e5 MP:s kongress p\u00e5 l\u00f6rdagen. <\/p>\n<p>\u2013 Det kommer inte att bli n\u00e5gon ny k\u00e4rnkraft i Sverige. <\/p>\n<p>Enligt Helld\u00e9n tr\u00e4nger satsningar p\u00e5 k\u00e4rnkraft ut n\u00f6dv\u00e4ndiga satsningar p\u00e5 f\u00f6rnyelsebar energi. Han passar samtidigt p\u00e5 att ge en k\u00e4nga till regeringens klimatpolitik.<\/p>\n<p>\u2013 Tid\u00f6regeringen f\u00f6rs\u00f6ker sprida hoppl\u00f6shet och d\u00f6lja sina egna misslyckanden, s\u00e4ger Helld\u00e9n och forts\u00e4tter. <\/p>\n<p>\u2013 Vi \u00e4r de enda som v\u00e5gar s\u00e4ga som det \u00e4r om klimatkrisen.<\/p>\n<p>Omni \u00e4r politiskt obundna och oberoende. Vi str\u00e4var efter att ge fler perspektiv p\u00e5 nyheterna. Har du fr\u00e5gor eller synpunkter kring v\u00e5r rapportering? <a href=\"https:\/\/omni.se\/hellden-kommer-inte-bli-nagon-ny-karnkraft\/a\/mailto:redaktion@omni.se\" class=\"ArticleActions_contactLink__W2F1M\" rel=\"nofollow noopener\" target=\"_blank\">Kontakta redaktionen<\/a><\/p>\n","protected":false},"excerpt":{"rendered":"Milj\u00f6partiet \u00e4r fast beslutade att bek\u00e4mpa alla f\u00f6rs\u00f6k att bygga nya k\u00e4rnkraftverk i Sverige. Det s\u00e4ger Milj\u00f6partiets spr\u00e5kr\u00f6r&hellip;\n","protected":false},"author":2,"featured_media":58655,"comment_status":"","ping_status":"","sticky":false,"template":"","format":"standard","meta":{"footnotes":""},"categories":[12],"tags":[22,23,2184,26,27,17,21,24,25,28,29,1234,15,16,18,34,31,33,32,30,19,20],"class_list":{"0":"post-58654","1":"post","2":"type-post","3":"status-publish","4":"format-standard","5":"has-post-thumbnail","7":"category-sverige","8":"tag-breaking-news","9":"tag-breakingnews","10":"tag-daniel-hellden","11":"tag-featured-news","12":"tag-featurednews","13":"tag-headlines","14":"tag-huvudnyheter","15":"tag-latest-news","16":"tag-latestnews","17":"tag-main-news","18":"tag-mainnews","19":"tag-miljopartiet","20":"tag-news","21":"tag-nyheter","22":"tag-rubriker","23":"tag-se","24":"tag-svenska","25":"tag-sverige","26":"tag-sweden","27":"tag-swedish","28":"tag-top-stories","29":"tag-topstories"},"share_on_mastodon":{"url":"","error":""},"_links":{"self":[{"href":"https:\/\/www.europesays.com\/se\/wp-json\/wp\/v2\/posts\/58654","targetHints":{"allow":["GET"]}}],"collection":[{"href":"https:\/\/www.europesays.com\/se\/wp-json\/wp\/v2\/posts"}],"about":[{"href":"https:\/\/www.europesays.com\/se\/wp-json\/wp\/v2\/types\/post"}],"author":[{"embeddable":true,"href":"https:\/\/www.europesays.com\/se\/wp-json\/wp\/v2\/users\/2"}],"replies":[{"embeddable":true,"href":"https:\/\/www.europesays.com\/se\/wp-json\/wp\/v2\/comments?post=58654"}],"version-history":[{"count":0,"href":"https:\/\/www.europesays.com\/se\/wp-json\/wp\/v2\/posts\/58654\/revisions"}],"wp:featuredmedia":[{"embeddable":true,"href":"https:\/\/www.europesays.com\/se\/wp-json\/wp\/v2\/media\/58655"}],"wp:attachment":[{"href":"https:\/\/www.europesays.com\/se\/wp-json\/wp\/v2\/media?parent=58654"}],"wp:term":[{"taxonomy":"category","embeddable":true,"href":"https:\/\/www.europesays.com\/se\/wp-json\/wp\/v2\/categories?post=58654"},{"taxonomy":"post_tag","embeddable":true,"href":"https:\/\/www.europesays.com\/se\/wp-json\/wp\/v2\/tags?post=58654"}],"curies":[{"name":"wp","href":"https:\/\/api.w.org\/{rel}","templated":true}]}}