{"id":58912,"date":"2025-10-19T06:16:08","date_gmt":"2025-10-19T06:16:08","guid":{"rendered":"https:\/\/www.europesays.com\/se\/58912\/"},"modified":"2025-10-19T06:16:08","modified_gmt":"2025-10-19T06:16:08","slug":"hallonlakritsskallen-far-egen-butik-bubs-oppnar-i-stan","status":"publish","type":"post","link":"https:\/\/www.europesays.com\/se\/58912\/","title":{"rendered":"Hallonlakritsskallen f\u00e5r egen butik \u2013 Bubs \u00f6ppnar i stan"},"content":{"rendered":"<p><img decoding=\"async\" class=\"Image Image_\" src=\"\" data-aghref=\"http:\/\/www.mitti.se\/image-3.344667.260065.20251018163733.c9db0a862f\" data-agimagetype=\"hardcrop\" alt=\"Butiken blir Bubs f\u00f6rsta konceptbutik i v\u00e4rlden.\"\/><\/p>\n<p class=\"Caption\">Butiken blir Bubs f\u00f6rsta konceptbutik i v\u00e4rlden.<\/p>\n<p class=\"Source\">Pressfoto<\/p>\n<p>Det senaste \u00e5ret har svenskt l\u00f6sgodis trendat i hela v\u00e4rlden. Nu \u00f6ppnar godisf\u00f6retaget Bubs en butik i innerstan. Att andra har slagit igen avskr\u00e4cker dem inte.<\/p>\n<p class=\"text\">Det svenska godisf\u00f6retaget Bubs, som st\u00e5r bakom bland annat den klassiska hallonlakritsskallen och en skumoval med smak av banan, \u00f6ppnar en konceptbutik p\u00e5 Norrlandsgatan. <\/p>\n<p class=\"text\">\u2013 Det k\u00e4nns overkligt, men fantastiskt kul! Vi f\u00e5r \u00e4ntligen chansen att m\u00f6ta v\u00e5ra kunder p\u00e5 en plats d\u00e4r vi kan testa nya id\u00e9er och bjuda p\u00e5 en och annan \u00f6verraskning, s\u00e4ger Helena Sandstr\u00f6m, internationell marknadschef, i ett uttalande.<\/p>\n<p class=\"text\">Ut\u00f6ver godis ska butiken s\u00e4lja produkter ur f\u00f6retagets kl\u00e4dkollektion samt anordna evenemang och t\u00e4vlingar.<\/p>\n<p>Tog v\u00e4rlden med storm<\/p>\n<p class=\"text\">2024 b\u00f6rjade svenskt l\u00f6sgodis att trenda p\u00e5 Tiktok, och det senaste \u00e5ret har hashtaggen #swedishcandy f\u00e5tt flera miljarder visningar p\u00e5 plattformen. Orkla Snacks, bolaget som \u00e4ger Bubs, uts\u00e5gs av tidningen Times till ett av de 100 mest inflytelserika f\u00f6retagen 2025 p\u00e5 grund av det stora intresset v\u00e4rlden \u00f6ver.<\/p>\n<p class=\"text\">\u2013 Vi hoppas att vi med butiken kan attrahera b\u00e5de stockholmare och turister som, s\u00e4ger Patrick Axzell, vd f\u00f6r Orkla Snacks Sverige.<\/p>\n<p class=\"text\">Det \u00e4r dock inte alltid l\u00e4tt att driva godisbutik. F\u00f6rra sommaren <a target=\"_blank\" rel=\"noopener nofollow\" href=\"https:\/\/www.mitti.se\/nyheter\/gottgott-i-hagastaden-stanger-for-gott-6.3.226906.207a155b5e\">st\u00e4ngde Gottgott i Hagastaden<\/a>, och i <a target=\"_blank\" rel=\"noopener nofollow\" href=\"https:\/\/www.mitti.se\/nyheter\/surt-for-sotsugna--stor-godisbutik-i-city-stanger-6.3.273220.77bffc94ea\">januari i \u00e5r slog Kandy&#8217;z<\/a> p\u00e5 Brunnsgatan igen efter knappt ett halv\u00e5r.<\/p>\n<p class=\"text\">Hur ser ni p\u00e5 m\u00f6jligheterna att klara er?<\/p>\n<p class=\"text\">\u2013 Med nio miljarder visningar i sociala medier s\u00e5 b\u00f6rjar vi bli en global ikon i godisv\u00e4rlden. Vi tror och hoppas att den h\u00e4r butiken blir ett m\u00e5ste n\u00e4r man bes\u00f6ker Stockholm.<\/p>\n<p class=\"text\">Butiken sl\u00e5r upp d\u00f6rrarna den 13 december.<\/p>\n<p class=\"citat\">Vi tror och hoppas att butiken blir ett m\u00e5ste n\u00e4r man bes\u00f6ker Stockholm.<\/p>\n","protected":false},"excerpt":{"rendered":"Butiken blir Bubs f\u00f6rsta konceptbutik i v\u00e4rlden. Pressfoto Det senaste \u00e5ret har svenskt l\u00f6sgodis trendat i hela v\u00e4rlden.&hellip;\n","protected":false},"author":2,"featured_media":58913,"comment_status":"","ping_status":"","sticky":false,"template":"","format":"standard","meta":{"footnotes":""},"categories":[65],"tags":[72,70,71,34,31,33,32,30],"class_list":{"0":"post-58912","1":"post","2":"type-post","3":"status-publish","4":"format-standard","5":"has-post-thumbnail","7":"category-ekonomi","8":"tag-business","9":"tag-economy","10":"tag-ekonomi","11":"tag-se","12":"tag-svenska","13":"tag-sverige","14":"tag-sweden","15":"tag-swedish"},"share_on_mastodon":{"url":"","error":""},"_links":{"self":[{"href":"https:\/\/www.europesays.com\/se\/wp-json\/wp\/v2\/posts\/58912","targetHints":{"allow":["GET"]}}],"collection":[{"href":"https:\/\/www.europesays.com\/se\/wp-json\/wp\/v2\/posts"}],"about":[{"href":"https:\/\/www.europesays.com\/se\/wp-json\/wp\/v2\/types\/post"}],"author":[{"embeddable":true,"href":"https:\/\/www.europesays.com\/se\/wp-json\/wp\/v2\/users\/2"}],"replies":[{"embeddable":true,"href":"https:\/\/www.europesays.com\/se\/wp-json\/wp\/v2\/comments?post=58912"}],"version-history":[{"count":0,"href":"https:\/\/www.europesays.com\/se\/wp-json\/wp\/v2\/posts\/58912\/revisions"}],"wp:featuredmedia":[{"embeddable":true,"href":"https:\/\/www.europesays.com\/se\/wp-json\/wp\/v2\/media\/58913"}],"wp:attachment":[{"href":"https:\/\/www.europesays.com\/se\/wp-json\/wp\/v2\/media?parent=58912"}],"wp:term":[{"taxonomy":"category","embeddable":true,"href":"https:\/\/www.europesays.com\/se\/wp-json\/wp\/v2\/categories?post=58912"},{"taxonomy":"post_tag","embeddable":true,"href":"https:\/\/www.europesays.com\/se\/wp-json\/wp\/v2\/tags?post=58912"}],"curies":[{"name":"wp","href":"https:\/\/api.w.org\/{rel}","templated":true}]}}