{"id":58914,"date":"2025-10-19T06:21:13","date_gmt":"2025-10-19T06:21:13","guid":{"rendered":"https:\/\/www.europesays.com\/se\/58914\/"},"modified":"2025-10-19T06:21:13","modified_gmt":"2025-10-19T06:21:13","slug":"truppen-mot-hammarby","status":"publish","type":"post","link":"https:\/\/www.europesays.com\/se\/58914\/","title":{"rendered":"Truppen mot Hammarby"},"content":{"rendered":"<p>Den uttagna truppen:<\/p>\n<p class=\"Paragraph_paragraph__uxXGA Paragraph_l__32960\"><strong>3<\/strong> Sotirios Papagiannopoulos<br \/><strong>7 <\/strong>Anton Sal\u00e9tros<br \/><strong>8 <\/strong>Johan Hove<br \/><strong>11<\/strong> John Guidetti<br \/><strong>14 <\/strong>Fredrik Nissen<br \/><strong>15<\/strong> Kristoffer Nordfeldt (mv)<br \/><strong>17<\/strong> Mads Thychosen<br \/><strong>18<\/strong> Abdihakim Ali<br \/><strong>20<\/strong> Erik Flataker<br \/><strong>29 <\/strong>Kevin Filling<br \/><strong>30\u00a0<\/strong>Kalle Joelsson (mv)<br \/><strong>32<\/strong>\u00a0Filip\u00a0Benkovi\u0107<br \/><strong>33 <\/strong>\u00c1ron Csongvai<br \/><strong>36 <\/strong>Zadok Yohanna<br \/><strong>41<\/strong> Ladji Camara (AIK U)<br \/><strong>45<\/strong> Taha Ayari<br \/><strong>46 <\/strong>Yannick Geiger<br \/><strong>47 <\/strong>Alexander Fesshaie<br \/><strong>48 <\/strong>Axel Kouame<\/p>\n<p>Ej uttagna:<\/p>\n<p class=\"Paragraph_paragraph__uxXGA Paragraph_l__32960\">Victor Andersson (skadad)<br \/>Dino Be\u0161irovi\u0107 (avst\u00e4ngd, gula kort)<br \/>Bersant Celina (avst\u00e4ngd, gula kort)<br \/>Eskil Edh (skadad)<br \/>Martin Ellingsen (skadad)<br \/>Adrian Helm (skadad)<br \/>Thomas Isherwood (avst\u00e4ngd, gula kort)<br \/>Linus J\u00e4reteg (ej uttagen)<br \/>Charlie Pavey (ej uttagen)<br \/>Andreas Redkin (skadad)<br \/>Tinde Teribe (ej uttagen)<\/p>\n<p>Truppstatus<\/p>\n<p class=\"Paragraph_paragraph__uxXGA Paragraph_l__32960\"><a class=\"Anchor_anchor__wmBmO\" href=\"https:\/\/www.aikfotboll.se\/artiklar-och-nyheter\/251015-truppstatus-herrlaget-v42\" rel=\"nofollow noopener\" target=\"_blank\">Klicka h\u00e4r f\u00f6r att se truppstatus f\u00f6r vecka 42.<\/a><\/p>\n<p>S\u00e5 h\u00e4r f\u00f6ljer du matchen<\/p>\n<ul class=\"\">\n<li class=\"\">\n<p class=\"Paragraph_paragraph__uxXGA Paragraph_l__32960\">AIK:s tilldelade sektioner \u00e4r sluts\u00e5lda \u2013 inga biljetter s\u00e4ljs p\u00e5 plats vid arenan.<\/p>\n<\/li>\n<li class=\"\">\n<p class=\"Paragraph_paragraph__uxXGA Paragraph_l__32960\">Allsvenskan 2025 lives\u00e4nds hos <a class=\"Anchor_anchor__wmBmO\" target=\"_blank\" rel=\"noopener noreferrer nofollow\" href=\"https:\/\/play.hbomax.com\/\">HBO Max Sport<\/a>.<\/p>\n<\/li>\n<\/ul>\n","protected":false},"excerpt":{"rendered":"Den uttagna truppen: 3 Sotirios Papagiannopoulos7 Anton Sal\u00e9tros8 Johan Hove11 John Guidetti14 Fredrik Nissen15 Kristoffer Nordfeldt (mv)17 Mads&hellip;\n","protected":false},"author":2,"featured_media":58915,"comment_status":"","ping_status":"","sticky":false,"template":"","format":"standard","meta":{"footnotes":""},"categories":[68],"tags":[34,111,110,31,33,32,30],"class_list":{"0":"post-58914","1":"post","2":"type-post","3":"status-publish","4":"format-standard","5":"has-post-thumbnail","7":"category-sport","8":"tag-se","9":"tag-sport","10":"tag-sports","11":"tag-svenska","12":"tag-sverige","13":"tag-sweden","14":"tag-swedish"},"share_on_mastodon":{"url":"","error":""},"_links":{"self":[{"href":"https:\/\/www.europesays.com\/se\/wp-json\/wp\/v2\/posts\/58914","targetHints":{"allow":["GET"]}}],"collection":[{"href":"https:\/\/www.europesays.com\/se\/wp-json\/wp\/v2\/posts"}],"about":[{"href":"https:\/\/www.europesays.com\/se\/wp-json\/wp\/v2\/types\/post"}],"author":[{"embeddable":true,"href":"https:\/\/www.europesays.com\/se\/wp-json\/wp\/v2\/users\/2"}],"replies":[{"embeddable":true,"href":"https:\/\/www.europesays.com\/se\/wp-json\/wp\/v2\/comments?post=58914"}],"version-history":[{"count":0,"href":"https:\/\/www.europesays.com\/se\/wp-json\/wp\/v2\/posts\/58914\/revisions"}],"wp:featuredmedia":[{"embeddable":true,"href":"https:\/\/www.europesays.com\/se\/wp-json\/wp\/v2\/media\/58915"}],"wp:attachment":[{"href":"https:\/\/www.europesays.com\/se\/wp-json\/wp\/v2\/media?parent=58914"}],"wp:term":[{"taxonomy":"category","embeddable":true,"href":"https:\/\/www.europesays.com\/se\/wp-json\/wp\/v2\/categories?post=58914"},{"taxonomy":"post_tag","embeddable":true,"href":"https:\/\/www.europesays.com\/se\/wp-json\/wp\/v2\/tags?post=58914"}],"curies":[{"name":"wp","href":"https:\/\/api.w.org\/{rel}","templated":true}]}}