{"id":58921,"date":"2025-10-19T06:30:13","date_gmt":"2025-10-19T06:30:13","guid":{"rendered":"https:\/\/www.europesays.com\/se\/58921\/"},"modified":"2025-10-19T06:30:13","modified_gmt":"2025-10-19T06:30:13","slug":"alexandra-charles-att-forlora-honom-blev-droppen","status":"publish","type":"post","link":"https:\/\/www.europesays.com\/se\/58921\/","title":{"rendered":"Alexandra Charles: \u201dAtt f\u00f6rlora honom blev droppen\u201d"},"content":{"rendered":"<p>P\u00e5 v\u00e4ggen utanf\u00f6r porten till Alexandra Charles hem i centrala Stockholm h\u00e4nger en m\u00e4ssingsskylt. \u201dBARBADOS KONSULAT\u201d st\u00e5r det, med stora bokst\u00e4ver. Barbados konsulat?<\/p>\n<p>\u2013 Ja det \u00e4r h\u00e4r, s\u00e4ger hon, n\u00e4r vi s\u00e4tter oss mitt emot varandra vid matsalsbordet en v\u00e5ning upp.<\/p>\n<p>H\u00f6stsolen kilar in mellan orkid\u00e9erna p\u00e5 f\u00f6nsterbr\u00e4det. P\u00e5 skrivbordet st\u00e5r en dator. I h\u00f6rnet en motionscykel. P\u00e5 bordet en kaffekanna, som hennes make Bengt just varit inne och st\u00e4llt fram.<\/p>\n<p><strong>H\u00e4r? \u00c4r Barbados konsulat hemma hos dig?<\/strong><\/p>\n<p>\u2013 Ja, jag \u00e4r Barbados honor\u00e4rkonsul. Ibland kommer det n\u00e5gon som beh\u00f6ver en st\u00e4mpel eller en underskrift, f\u00f6r att f\u00f6rnya ett pass eller hj\u00e4lpa en sl\u00e4kting som inte har sina papper i ordning. Men oftast n\u00e4r n\u00e5gon h\u00f6r av sig \u00e4r det f\u00f6r \u00e4renden som inte \u00e4r en konsuls uppgift. D\u00e5 f\u00e5r man h\u00e4nvisa till ambassaden i London.<\/p>\n<p>De flesta har inte ett konsulat hemma. Men s\u00e5 \u00e4r ocks\u00e5 Alexandra Charles unik. Hon var bara 22 \u00e5r n\u00e4r hon 1968 \u00f6ppnade Sveriges f\u00f6rsta nattklubb. De senaste tre decennierna har hon varit landets mest stridbara opinionsbildare f\u00f6r kvinnoh\u00e4lsa. Hon har synts och h\u00f6rts och tr\u00e4ffat alla sorters m\u00e4nniskor. Sett v\u00e4rlden f\u00f6r\u00e4ndras. \u00c4nd\u00e5 trodde hon inte att hennes liv skulle h\u00e5lla f\u00f6r en film.<\/p>\n<p>          <img decoding=\"async\" class=\"picture__img\" src=\"https:\/\/www.europesays.com\/se\/wp-content\/uploads\/2025\/10\/a9038c31-fc0a-4e99-98fa-5823d0267e6e.jpeg\"   alt=\"De senaste tre decennierna har Alexandra Charles varit landets mest stridbara opinionsbildare f\u00f6r kvinnoh\u00e4lsa.\"\/><\/p>\n<p>      De senaste tre decennierna har Alexandra Charles varit landets mest stridbara opinionsbildare f\u00f6r kvinnoh\u00e4lsa.<\/p>\n<p>      Foto: Nicklas Thegerstr\u00f6m<\/p>\n<p>\u2013 Jag har aldrig t\u00e4nkt p\u00e5 mig sj\u00e4lv som en stor eller viktig person. Sedan kan jag ju f\u00f6rst\u00e5, d\u00e5 och d\u00e5, att det \u00e4r ganska h\u00e4ftigt, det jag har varit med om att \u00e5stadkomma. Att som ung kvinna ta mig in i ett totalt mansdominerat svenskt n\u00f6jesliv. Det kan jag, ibland, inse var del av ett viktigt steg fram\u00e5t f\u00f6r kvinnans utveckling.<\/p>\n<p><strong>Dokument\u00e4rfilmen heter<\/strong> \u201dAlexandra \u2013 syns vi inte finns vi inte\u201d. Den \u00e4r ett intimt portr\u00e4tt av en kvinna som p\u00e5 kv\u00e4llstidningarnas l\u00f6psedlar kallats \u201dNattklubbsdrottning\u201d, men vars person \u00e4r betydligt mer sammansatt \u00e4n vad den offentliga bilden hittills lyckats f\u00f6rmedla. Pr-konsulten i henne har styrt den h\u00e5rt. Namnet Alexandra Charles har associerats med glamour, entrepren\u00f6rskap \u2013 och integritet.<\/p>\n<p>Hon har alltid haft kontroll \u00f6ver sin historia och hur den ska ber\u00e4ttas, s\u00e4ger filmaren Olivia Kastebring, som fick k\u00e4mpa f\u00f6r att vinna sitt intervjuobjekts f\u00f6rtroende.<\/p>\n<p>          <img decoding=\"async\" class=\"picture__img\" src=\"https:\/\/www.europesays.com\/se\/wp-content\/uploads\/2025\/10\/3a32a7f7-6e1d-44f8-9c79-ed068a8cfe58.jpeg\"   alt=\"Olivia Kastebring har gjort den nya dokument\u00e4rfilmen \u201dAlexandra \u2013 syns vi inte finns vi inte\u201d.\"\/><\/p>\n<p>      Olivia Kastebring har gjort den nya dokument\u00e4rfilmen \u201dAlexandra \u2013 syns vi inte finns vi inte\u201d.<\/p>\n<p>\u2013 Jag kom d\u00e4r och f\u00f6rs\u00f6kte styra historien ur de gamla hjulsp\u00e5ren. Det triggar ju en k\u00e4nsla av kontrollf\u00f6rlust. Mycket tid lades p\u00e5 att jag och Alexandra pratade om hur vi kunde ber\u00e4tta om hennes liv, genom min lins, men s\u00e5 att filmen \u00e4nd\u00e5 f\u00f6rblev sann f\u00f6r henne.<\/p>\n<p>Namnet Alexandra har r\u00f6tter i grekiskan. Det betyder \u201dden som skyddar och f\u00f6rsvarar\u201d. Men Alexandra Charles \u00e4r d\u00f6pt till Lill. \u00c4ldst i en syskonskara p\u00e5, s\u00e5 sm\u00e5ningom, sju barn var hon 18 \u00e5r n\u00e4r hon fick ett stipendium f\u00f6r att studera i USA. Under den resan blev hon f\u00f6r f\u00f6rsta g\u00e5ngen kallad det namn som senare kom att bli hennes varum\u00e4rke.<\/p>\n<p>\u2013 Det \u00e4r en rar historia, s\u00e4ger hon om m\u00f6tet som kom att f\u00f6r\u00e4ndra hennes liv.<\/p>\n<p>\u2013 Jag tr\u00e4ffade en kille, s\u00e5 klart. Han hette Dexter. Han sade: \u201dWhat kind of an ugly name is Lill?\u201d Det vackraste namnet han visste var Alexandra. S\u00e5 han fr\u00e5gade om han fick kalla mig det. Jag tyckte att det var s\u00e5 himla gulligt. Att en kille ville ge mig det vackraste namnet han k\u00e4nde till. Det \u00e4r v\u00e4l en fantastisk g\u00e5va?<\/p>\n<p>          <img decoding=\"async\" class=\"picture__img\" src=\"https:\/\/www.europesays.com\/se\/wp-content\/uploads\/2025\/10\/a4754822-ef6c-4828-9691-dadac36d801e.jpeg\"   alt=\"Alexandra Charles \u2013\u00a0Barbados honor\u00e4rkonsul.\"\/><\/p>\n<p>      Alexandra Charles \u2013\u00a0Barbados honor\u00e4rkonsul.<\/p>\n<p>      Foto: Nicklas Thegerstr\u00f6m<\/p>\n<p><strong>Vad st\u00e5r Alexandra f\u00f6r, f\u00f6r dig?<\/strong><\/p>\n<p>\u2013 Det har blivit min yrkesroll. N\u00e4r jag kom hem till Sverige och startade Alexandras nattklubb och diskotek s\u00e5 var jag Alexandra f\u00f6r alla jag m\u00f6tte. Med alla g\u00e4ster och all personal. Jag var Alexandra dygnet runt i 20 \u00e5r. Bara f\u00f6r familjen och mina n\u00e4rmaste v\u00e4nner, de jag k\u00e4nt l\u00e4nge, har jag varit Lill. Alla andra har alltid sagt Alexandra.<\/p>\n<p><strong>I filmen finns flera scener d\u00e4r du pratar om Alexandra och Lill n\u00e4stan som tv\u00e5 olika personer. Hur mycket \u00e4r det s\u00e5?<\/strong><\/p>\n<p>\u2013 Jag skulle snarare beskriva det som tv\u00e5 sf\u00e4rer. Alexandra och Lill st\u00e5r inte i motsatsf\u00f6rh\u00e5llande till varandra. Och det var ju Lill som var modig. Det var hon som gav sig ut i v\u00e4rlden, tr\u00e4ffade en man och best\u00e4mde sig f\u00f6r att satsa p\u00e5 att skapa ett liv tillsammans med honom.<\/p>\n<p><strong>Han hette No\u00ebl<\/strong>. I dokument\u00e4ren f\u00e5r man f\u00f6lja med tillbaka till Mallorca, d\u00e4r de tr\u00e4ffades och blev k\u00e4ra. Han tog henne till London. I den engelska huvudstadens bubblande uteliv h\u00e4mtade de inspirationen till Alexandras. Sveriges f\u00f6rsta nattklubb. Hon fixade allt. Konceptet, ekonomin, lokalen, inbjudningarna. Men n\u00e4r No\u00ebl v\u00e4l ansl\u00f6t i Stockholm st\u00f6tte de p\u00e5 patrull. \u00c4garen till Strand hotell kastade ut dem. No\u00ebl var ju svart.<\/p>\n<p>\u2013 Jag hade sett rasism p\u00e5 n\u00e4ra h\u00e5ll i USA, s\u00e5 jag visste att diskriminering fanns och att vi skulle v\u00e4cka anst\u00f6t, s\u00e4ger hon.<\/p>\n<p>\u2013 Vi gjorde stor ekonomisk f\u00f6rlust med Strand hotell. Vi hade k\u00f6pt och lagt in ett eget dansgolv, som vi inte kunde ta med oss. Men det d\u00e4r blev mitt eget lilla krig ocks\u00e5. Jag var best\u00e4md med att vi inte skulle ge oss. Det var jobbigt och obehagligt. Men man kommer ingen vart om man bara ger vika f\u00f6r problem.<\/p>\n<p>          <img decoding=\"async\" class=\"picture__img\" src=\"https:\/\/www.europesays.com\/se\/wp-content\/uploads\/2025\/10\/0a21d649-6f88-4e21-8ec5-3629703d9808.jpeg\"   alt=\"\u201dJag ins\u00e5g med tiden att jag \u00e4r feminist\u201d, s\u00e4ger Alexandra Charles.\"\/><\/p>\n<p>      \u201dJag ins\u00e5g med tiden att jag \u00e4r feminist\u201d, s\u00e4ger Alexandra Charles.<\/p>\n<p>      Foto: Nicklas Thegerstr\u00f6m<\/p>\n<p>Alexandra hittade en ny lokal p\u00e5 Biblioteksgatan. D\u00e4r blev succ\u00e9n enorm. \u201dAlla\u201d var d\u00e4r, som det brukar heta. Kronprins Carl Gustaf var i perfekt party\u00e5lder och i hans hasor f\u00f6ljde hela Stockholm. Ett spirande svenskt popunder gav klubben ytterligare skjuts. Abba, Bj\u00f6rn Skifs, Tommy K\u00f6rberg, de f\u00f6rsta svenskarna med internationella musikkarri\u00e4rer h\u00e4ngde alla p\u00e5 Alexandras. Med dem kom utl\u00e4ndska stj\u00e4rnor, som Elton John, Rolling Stones, Bette Midler, Tina Turner och Rod Stewart. Fr\u00e5n dj-b\u00e5set spelades det absolut senaste, nya musikstilar som reggae och calypso, som aldrig h\u00f6rts i Sverige f\u00f6rr.<\/p>\n<p>\u2013 Musiken var oerh\u00f6rt viktig, s\u00e4ger Alexandra Charles.<\/p>\n<p>\u2013 Det var alltid jag som bokade liveakterna och jag talade ofta med v\u00e5ra dj:s. Det tyckte de var irriterande f\u00f6rst\u00e5s. Dj:s tycker ju att de kan och vet allt. Jag styrde inte, men jag hade \u00f6nskem\u00e5l. Sa att \u201dnu har det varit f\u00f6r mycket rock\u201d eller \u201dnu beh\u00f6vs det mer soul eller disco\u201d.<\/p>\n<p>          Fakta.Alexandra Charles von Hofsten<\/p>\n<p><strong>F\u00f6dd 1946<\/strong> i Mariestad, d\u00f6pt till Lill Gefvert. Pappa var tandl\u00e4kare, mamma var hemmafru. Efter skilsm\u00e4ssan flyttade mamma fr\u00e5n Fr\u00e4nsta i Medelpad till Stockholm med barnen, utbildade sig till kass\u00f6r och arbetade p\u00e5 restauranger.<\/p>\n<p><strong>Efter studier<\/strong> i USA och vid Stockholms universitet \u00f6ppnade Alexandra Charles 1968 nattklubben Alexandras. Den drev hon, i olika regi och lokaler, fram till 1988. D\u00e4refter har hon bland annat arbetat som pr-konsult, lobbyist och drivit restaurang p\u00e5 Gotland.<\/p>\n<p><strong>Har varit<\/strong> gift tre g\u00e5nger: med No\u00ebl Charles, Anders Gustrin och sedan \u00e5r 2016 med Bengt von Hofsten.<\/p>\n<p><strong>Startade 1998<\/strong> den ideella f\u00f6reningen 1,6- och, senare, 2,6-miljonerklubben, en organisation som verkar f\u00f6r kvinnors h\u00e4lsa, en j\u00e4mlik v\u00e5rd och livskvalitet. Nyligen bytte man namn till Alexandra \u2013 f\u00f6r kvinnor och h\u00e4lsa.<\/p>\n<p>Filmen \u201dAlexandra \u2013 syns vi inte finns vi inte\u201d har premi\u00e4r fredag den 31 oktober. Den \u00e4r gjord av Olivia Kastebring, som fick en Guldbagge f\u00f6r \u201dSilvana \u2013 v\u00e4ck mig n\u00e4r ni vaknat\u201d \u00e5r 2018.<\/p>\n<p>            Visa mer<\/p>\n<p>            Visa mindre<\/p>\n<p><strong>Hur mycket var du dj sj\u00e4lv?<\/strong><\/p>\n<p>\u2013 Kanske ett par g\u00e5nger bara. Min styrka var att se till att folk trivdes, och d\u00e5 hade jag tentaklerna ute. Det \u00e4r en hel vetenskap att \u00e4ndra st\u00e4mning med musik. Att bygga upp kv\u00e4llen, f\u00f6rst lugnt, sedan i lite h\u00f6gre tempo, s\u00e5 att folk blir sugna p\u00e5 att dansa. Med r\u00e4tt musik kan man skapa ett rum d\u00e4r m\u00e4nniskor tycker att det \u00e4r h\u00e4rligt att vara.<\/p>\n<p><strong>Den h\u00e4r sommaren har det varit mycket debatt om nattklubben Tr\u00e4dg\u00e5rden, som hotats av st\u00e4ngning eftersom grannarna klagat p\u00e5 f\u00f6r h\u00f6g musik. Vad t\u00e4nker du om det?<\/strong><\/p>\n<p>          <img decoding=\"async\" class=\"picture__img\" src=\"https:\/\/www.europesays.com\/se\/wp-content\/uploads\/2025\/10\/738bbb4c-cff9-497c-bde3-1c1a62388370.jpeg\" loading=\"lazy\"   alt=\"Alexandra Charles kan d\u00e5 och d\u00e5 f\u00f6rst\u00e5...\"\/><\/p>\n<p>                Bild 1 av 4<\/p>\n<p>      Alexandra Charles kan d\u00e5 och d\u00e5 f\u00f6rst\u00e5&#8230;<\/p>\n<p>      Foto: Nicklas Thegerstr\u00f6m<\/p>\n<p>          <img decoding=\"async\" class=\"picture__img\" src=\"https:\/\/www.europesays.com\/se\/wp-content\/uploads\/2025\/10\/734c8c72-34e3-47a1-b3d1-08bb7840c804.jpeg\" loading=\"lazy\"   alt=\"att det \u00e4r ganska h\u00e4ftigt vad hon \u00e5stadkommit...\"\/><\/p>\n<p>                Bild 2 av 4<\/p>\n<p>      att det \u00e4r ganska h\u00e4ftigt vad hon \u00e5stadkommit&#8230;<\/p>\n<p>      Foto: Nicklas Thegerstr\u00f6m<\/p>\n<p>          <img decoding=\"async\" class=\"picture__img\" src=\"https:\/\/www.europesays.com\/se\/wp-content\/uploads\/2025\/10\/f3a74465-9307-4bb6-90a2-48e971cc8c73.jpeg\" loading=\"lazy\"   alt=\"...att som ung kvinna ta mig in...\"\/><\/p>\n<p>                Bild 3 av 4<\/p>\n<p>      &#8230;att som ung kvinna ta mig in&#8230;<\/p>\n<p>      Foto: Nicklas Thegerstr\u00f6m<\/p>\n<p>          <img decoding=\"async\" class=\"picture__img\" src=\"https:\/\/www.europesays.com\/se\/wp-content\/uploads\/2025\/10\/255a6c9a-4142-4279-8a11-b9e63092653a.jpeg\" loading=\"lazy\"   alt=\"...i ett totalt mansdominerat svenskt n\u00f6jesliv.\"\/><\/p>\n<p>                Bild 4 av 4<\/p>\n<p>      &#8230;i ett totalt mansdominerat svenskt n\u00f6jesliv.<\/p>\n<p>      Foto: Nicklas Thegerstr\u00f6m<\/p>\n<p>\u2013 Jag k\u00e4nner ju mycket v\u00e4l igen det. Alexandras fick flytta fr\u00e5n lokalen vi senare hade p\u00e5 D\u00f6belnsgatan f\u00f6r att grannarna klagade. Oj vad vi k\u00e4mpade. S\u00e5 jag k\u00e4nner s\u00e5 varmt f\u00f6r Tr\u00e4dg\u00e5rden. Det \u00e4r ju givet att det i en innerstad ska f\u00e5 finnas st\u00e4llen dit m\u00e4nniskor kan g\u00e5 f\u00f6r att koppla av. Vi beh\u00f6ver umg\u00e5s f\u00f6r att m\u00e5 bra.<\/p>\n<p><strong>I dokument\u00e4ren finns<\/strong> en scen d\u00e4r n\u00f6jesreportern Sten Hedman st\u00e4ller nattklubbens genombrott i Stockholm i kontrast till 1960- och 70-talens protestglada, radikala ungdomsr\u00f6relse. Klubben Alexandras var f\u00f6r \u201ddet glada folket som ville leva livet\u201d, s\u00e4ger han. Alexandra Charles har heller aldrig varit partipolitiskt engagerad. Men hennes arbete har alltid varit starkt v\u00e4rderingsdrivet.<\/p>\n<p>          <img decoding=\"async\" class=\"picture__img\" src=\"https:\/\/www.europesays.com\/se\/wp-content\/uploads\/2025\/10\/881d1080-4c28-4b46-a450-197fbef947f1.jpeg\"   alt=\"P\u00e5 Alexandras var alla v\u00e4lkomna, oavsett ursprung, \u00e5lder, klass och sexuell l\u00e4ggning.\"\/><\/p>\n<p>      P\u00e5 Alexandras var alla v\u00e4lkomna, oavsett ursprung, \u00e5lder, klass och sexuell l\u00e4ggning.<\/p>\n<p>      Foto: Nicklas Thegerstr\u00f6m<\/p>\n<p>P\u00e5 Alexandras var alla v\u00e4lkomna, oavsett ursprung, \u00e5lder, klass och sexuell l\u00e4ggning. Det \u00e4r ingen slump att det var just p\u00e5 hennes scen som dragshowgruppen After Dark tog steget till ett brett genombrott. Demonstrationst\u00e5gen m\u00e5 ha g\u00e5tt p\u00e5 gatorna utanf\u00f6r. Men det var inne p\u00e5 nattklubben som politiken gjordes i praktiken.<\/p>\n<p>\u2013 Klart vi var politiska, s\u00e4ger hon.<\/p>\n<p>\u2013 Men vi gjorde det p\u00e5 ett annat s\u00e4tt, utanf\u00f6r partipolitiken. Vi \u00f6ppnade upp samh\u00e4llet. Blandade olika kategorier av g\u00e4ster, med olika bakgrunder. M\u00e4nniskor utbytte id\u00e9er, \u00e5sikter, synpunkter. Det var s\u00e4rskilt viktigt att vi blandade olika \u00e5ldrar, har jag insett i efterhand. Vi fick i g\u00e5ng dialog \u00f6ver generationsgr\u00e4nserna.<\/p>\n<p><strong>N\u00e4r blev du feminist?<\/strong><\/p>\n<p>\u2013 N\u00e4r Grupp 8 kom var jag inte redo. Deras s\u00e4tt att opinionsbilda passade inte mig. Men visst ins\u00e5g jag med tiden att jag \u00e4r feminist. Och jag s\u00e5g ju hur m\u00e4n behandlade kvinnor p\u00e5 klubben. Managers, inga namn n\u00e4mnda, som m\u00e5lade upp l\u00f6ften och utnyttjade tjejer. Vissa hamnade i f\u00f6rskr\u00e4ckliga situationer. Jag s\u00e5g att vi beh\u00f6vde hj\u00e4lpa och st\u00f6dja varandra.<\/p>\n<p><strong>Hur har det m\u00e4rkts i dina egna k\u00e4rleksrelationer att du \u00e4r feminist?<\/strong><\/p>\n<p>\u2013 Det kan man fr\u00e5ga sig \u2026 No\u00ebl som kom fr\u00e5n Trinidad hade en kvinnosyn som sade att kvinnor skulle vara p\u00e5 ett visst s\u00e4tt och att m\u00e4n hade r\u00e4tt att vara p\u00e5 ett annat. Men min andra make Anders och jag var j\u00e4mlika. Vi var gifta i 10 \u00e5r och han respekterade mig alldeles oerh\u00f6rt. Och Bengt och jag \u00e4r givetvis j\u00e4mlika.<\/p>\n<p>          <img decoding=\"async\" class=\"picture__img\" src=\"https:\/\/www.europesays.com\/se\/wp-content\/uploads\/2025\/10\/6e02a317-1ca2-4655-b8eb-0928d0a7d798.jpeg\"   alt=\"Elton John, Rolling Stones, Bette Midler, Tina Turner och Rod Stewart \u2013\u00a0alla var p\u00e5 nattklubben Alexandras.\"\/><\/p>\n<p>      Elton John, Rolling Stones, Bette Midler, Tina Turner och Rod Stewart \u2013\u00a0alla var p\u00e5 nattklubben Alexandras.<\/p>\n<p>      Foto: Nicklas Thegerstr\u00f6m<\/p>\n<p><strong>No\u00ebl och Alexandra skiljde sig<\/strong> 1976. Han tog \u00f6ver nattklubbens filial p\u00e5 Barbados. Den hade de \u00f6ppnat efter ett bes\u00f6k av n\u00e5gra regeringsmedlemmar fr\u00e5n \u00f6nationen p\u00e5 Alexandras i Stockholm. Nattklubben p\u00e5 Barbados \u00e4r den direkta orsaken till att vi mer \u00e4n ett halvt sekel senare sitter och dricker kaffe p\u00e5 landets svenska konsulat.<\/p>\n<p>L\u00e4genheten ett stenkast fr\u00e5n Sveav\u00e4gen dubblerar \u00e4ven som kontor f\u00f6r den ideella f\u00f6rening som tidigare hette 1,6- och 2,6-miljonersklubben. 1998 grundade Alexandra Charles en kvinnoh\u00e4lsoorganisation, som i dag har 15\u00a0000 medlemmar och som sedan bara ett par veckor f\u00e5tt ett nytt namn: Alexandra \u2013 f\u00f6r kvinnor och h\u00e4lsa.<\/p>\n<p>\u2013 Vi vill \u00e5stadkomma j\u00e4mlikhet och j\u00e4mst\u00e4lldhet p\u00e5 alla fronter, s\u00e4ger hon.<\/p>\n<p>\u2013 Det handlar om b\u00e4ttre v\u00e5rd, forskning och omsorg med genusperspektiv. Jag menar att satsar man p\u00e5 kvinnor s\u00e5 satsar man p\u00e5 hela samh\u00e4llet. P\u00e5 m\u00e4nnen ocks\u00e5, och p\u00e5 barnen. Alla kvinnor, alla m\u00e4nniskor, ska ha r\u00e4tt till en j\u00e4mlik v\u00e5rd. Jag \u00f6nskar att fler kunde f\u00f6rst\u00e5 det.<\/p>\n<p>Att hon alls st\u00e4llde upp p\u00e5 att bli f\u00f6rem\u00e5l f\u00f6r en dokument\u00e4rfilm f\u00f6rklarar hon med att hon s\u00e5g det som en chans att ge uppm\u00e4rksamhet till f\u00f6reningens fr\u00e5gor. Men att d\u00e4rmed ocks\u00e5 l\u00e5ta kameran f\u00e5 se hennes egen h\u00e4lsa var sv\u00e5rt. Efter att ha drabbats av glaukom och gr\u00f6n starr \u00e4r Alexandra Charles i dag n\u00e4stan helt blind. I dokument\u00e4ren f\u00e5r man f\u00f6lja henne p\u00e5 l\u00e4karbes\u00f6k och synunders\u00f6kningar, d\u00e4r hon bara f\u00e5r d\u00e5liga besked.<\/p>\n<p>          <img decoding=\"async\" class=\"picture__img\" src=\"https:\/\/www.europesays.com\/se\/wp-content\/uploads\/2025\/10\/9332df06-285d-4174-a4d5-95d59aec1528.jpeg\"   alt=\"N\u00e4sta \u00e5r fyller Alexandra Charles 80, men hon jobbar fortfarande mycket. Hon dricker inte alkohol s\u00e5 det \u00e4r bubbelvatten i glaset.\"\/><\/p>\n<p>      N\u00e4sta \u00e5r fyller Alexandra Charles 80, men hon jobbar fortfarande mycket. Hon dricker inte alkohol s\u00e5 det \u00e4r bubbelvatten i glaset.<\/p>\n<p>      Foto: Nicklas Thegerstr\u00f6m<\/p>\n<p>\u2013 Jag tror att det m\u00e4rks p\u00e5 filmen att det \u00e4r sv\u00e5rt f\u00f6r mig att visa mig s\u00e5rbar, s\u00e4ger hon.<\/p>\n<p>\u2013 Jag har alltid varit m\u00e5n om min integritet. Jag \u00e4r j\u00e4tteglad f\u00f6r att det blivit en fin film, som visar b\u00e5de sorg och gl\u00e4dje. Den \u00e4r stark och den ber\u00f6r. Men det har varit p\u00e5frestande. Det \u00e4r p\u00e5frestande.<\/p>\n<p><strong>Hon vill helst inte prata<\/strong> om det sv\u00e5ra nu heller. De annars s\u00e5 l\u00e5nga svaren, d\u00e4r hon ideligen lyckas knyta resonemangen till sina hj\u00e4rtefr\u00e5gor, blir kortare. Men en sak vill hon faktiskt ber\u00e4tta. Den handlar om det kanske allra m\u00f6rkaste \u00f6gonblicket. I filmen talar hon f\u00f6r f\u00f6rsta g\u00e5ngen om n\u00e4r hon som femton\u00e5ring f\u00f6rs\u00f6kte ta sitt liv. Hennes f\u00f6r\u00e4ldrar skulle skiljas. Hon skar sig i handlederna, f\u00f6r hon ville d\u00f6.<\/p>\n<p>\u2013 I filmen tror man att det bara handlar om skilsm\u00e4ssan. Men det var en annan sak ocks\u00e5, s\u00e4ger hon.<\/p>\n<p>\u2013 Jag hade en tysk pojkv\u00e4n, som jag hade brevv\u00e4xlat med. Han hade kommit p\u00e5 bes\u00f6k och vi hade varit tillsammans. N\u00e4r mina f\u00f6r\u00e4ldrar f\u00f6rstod vad som hade h\u00e4nt kastade pappa ut honom. Jag var s\u00e5 k\u00e4r i den pojken. Han var min f\u00f6rsta f\u00f6r\u00e4lskelse. Att f\u00f6rlora honom blev droppen.<\/p>\n<p>          <img decoding=\"async\" class=\"picture__img\" src=\"https:\/\/www.europesays.com\/se\/wp-content\/uploads\/2025\/10\/68fe35ce-ca4a-48a1-b460-24a573cf2648.jpeg\"   alt=\"Alexandra Charles liv blir film.\"\/><\/p>\n<p>      Alexandra Charles liv blir film.<\/p>\n<p>      Foto: Nicklas Thegerstr\u00f6m<\/p>\n<p>Ett helt liv har g\u00e5tt sedan dess. Sedan den hj\u00e4rtekrossade flickan Lill \u00f6verlevde sj\u00e4lvmordsf\u00f6rs\u00f6ket, f\u00f6r att ett par \u00e5r senare \u00e5teruppfinna sig sj\u00e4lv som Alexandra. Hon som blev aff\u00e4rskvinna, entrepren\u00f6r, nattklubbsdrottning, kvinnoh\u00e4lsoaktivist. En slipad kommunikat\u00f6r, alltid v\u00e4lkl\u00e4dd, med h\u00e5ret tjusigt ordnat och l\u00e4ppstift p\u00e5, redo att m\u00f6ta krogg\u00e4ster och makthavare.<\/p>\n<p>N\u00e4sta \u00e5r fyller hon 80. Hon jobbar fortfarande mycket. Men kanske b\u00f6rjar de tv\u00e5 sf\u00e4rerna, den som rymmer Lill och den som rymmer Alexandra, till sist \u00e4nd\u00e5 att sm\u00e4lta ihop litegrann. Hon har sl\u00e4ppt p\u00e5 kontrollen av bilden av sig sj\u00e4lv, f\u00f6r filmen. Och med maken Bengt, han som kom med kaffet, har hon tagit ett annat, viktigt steg.<\/p>\n<p>De var bekanta p\u00e5 1980-talet. Men det var f\u00f6rst p\u00e5 andra sidan \u00e5rtusendeskiftet som de blev ett par. De gifte sig \u00e5r 2016.<\/p>\n<p>\u2013 Det har v\u00e4l givetvis med \u00e5lder och mognad att g\u00f6ra, s\u00e4ger hon om k\u00e4rleken, som h\u00f6rs st\u00f6ka i rummet bredvid.<\/p>\n<p>\u2013 N\u00e4r det blev vi k\u00e4nde jag att nu \u00e4r det r\u00e4tt. Jag l\u00e4ngtade tillbaka till att ha det privata, det familj\u00e4ra, n\u00e4ra. S\u00e5 d\u00e5 bad jag honom att kalla mig Lill.<\/p>\n<p>          3 fr\u00e5gor till Olivia Kastebring, filmaren bakom \u201dAlexandra \u2013 syns vi inte finns vi inte\u201d<\/p>\n<p><strong>Vem \u00e4r Alexandra, f\u00f6r dig?<\/strong><\/p>\n<p>\u2013\u00a0Alexandra \u00e4r en ikon och pionj\u00e4r! V\u00e4ldigt f\u00e5 m\u00e4nniskor som lyfts till ikoner och pionj\u00e4rer utf\u00f6r sina handlingar med m\u00e5let att vara just det, utan de besitter ofta en stark tro p\u00e5 n\u00e5got. Att n\u00e5got \u00e4r fel. Att n\u00e5got kan bli b\u00e4ttre och om ingen annan g\u00f6r n\u00e5got s\u00e5 f\u00e5r jag g\u00f6ra det. N\u00e5gon som g\u00f6r snarare \u00e4n pratar. Det \u00e4r det som g\u00f6r dem fascinerande och just en s\u00e5dan m\u00e4nniska \u00e4r Alexandra.<\/p>\n<p><strong>Vilken situation under inspelningen minns du b\u00e4st?<\/strong><\/p>\n<p>\u2013 Vi j\u00e4ktar runt p\u00e5 ett Almedalen i v\u00e4rmeb\u00f6lja. Alexandras schema har varit fullt sedan tidig morgon, det \u00e4r sen kv\u00e4ll och hon \u00e4r tr\u00f6tt och borde bara vila. Mitt i all stress spelas ett musikstycke och hon stannar upp. Leende l\u00e4gger hon armarna om sin k\u00e4ra Bengt och b\u00f6rjar dansa, mitt p\u00e5 gatan. Hennes hum\u00f6r har skiftat som genom ett trollslag och hon ser ut som den lyckligaste personen i v\u00e4rlden. Hennes livsgl\u00e4dje \u00e4r v\u00e4ldigt inspirerande \u00e4ven f\u00f6r mig som 37-\u00e5ring.<\/p>\n<p><strong>I filmen finns m\u00e5nga scener d\u00e4r du sminkar henne och m\u00e5lar hennes naglar. Varifr\u00e5n kom den id\u00e9n?<\/strong><\/p>\n<p>\u2013 Att vara snygg och proper har alltid varit en stor del av Alexandras karakt\u00e4r och \u00e4r s\u00e5 \u00e4n i dag, trots att hennes syn sakta f\u00f6rsvunnit. Ju n\u00e4rmare vi kom, desto mer fick jag hj\u00e4lpa henne med smink och naglar. Jag k\u00e4nde att i de stunderna \u00e4ndrades n\u00e5got i Alexandras r\u00f6st. Garden var borta. Rent visuellt ber\u00e4ttar bilderna ytterligare ett lager, om en kvinna som v\u00e4rderat sj\u00e4lvst\u00e4ndighet h\u00f6gst av allt och som i dag beh\u00f6vt l\u00e4ra sig be om hj\u00e4lp. D\u00e4r ett snyggt utseende inte l\u00e4ngre handlar om yta, utan om bevarandet av kontroll.<\/p>\n<p>            Visa mer<\/p>\n<p>            Visa mindre<\/p>\n","protected":false},"excerpt":{"rendered":"P\u00e5 v\u00e4ggen utanf\u00f6r porten till Alexandra Charles hem i centrala Stockholm h\u00e4nger en m\u00e4ssingsskylt. \u201dBARBADOS KONSULAT\u201d st\u00e5r det,&hellip;\n","protected":false},"author":2,"featured_media":58922,"comment_status":"","ping_status":"","sticky":false,"template":"","format":"standard","meta":{"footnotes":""},"categories":[67],"tags":[104,34,31,33,32,30,105],"class_list":{"0":"post-58921","1":"post","2":"type-post","3":"status-publish","4":"format-standard","5":"has-post-thumbnail","7":"category-underhallning","8":"tag-entertainment","9":"tag-se","10":"tag-svenska","11":"tag-sverige","12":"tag-sweden","13":"tag-swedish","14":"tag-underhallning"},"share_on_mastodon":{"url":"","error":""},"_links":{"self":[{"href":"https:\/\/www.europesays.com\/se\/wp-json\/wp\/v2\/posts\/58921","targetHints":{"allow":["GET"]}}],"collection":[{"href":"https:\/\/www.europesays.com\/se\/wp-json\/wp\/v2\/posts"}],"about":[{"href":"https:\/\/www.europesays.com\/se\/wp-json\/wp\/v2\/types\/post"}],"author":[{"embeddable":true,"href":"https:\/\/www.europesays.com\/se\/wp-json\/wp\/v2\/users\/2"}],"replies":[{"embeddable":true,"href":"https:\/\/www.europesays.com\/se\/wp-json\/wp\/v2\/comments?post=58921"}],"version-history":[{"count":0,"href":"https:\/\/www.europesays.com\/se\/wp-json\/wp\/v2\/posts\/58921\/revisions"}],"wp:featuredmedia":[{"embeddable":true,"href":"https:\/\/www.europesays.com\/se\/wp-json\/wp\/v2\/media\/58922"}],"wp:attachment":[{"href":"https:\/\/www.europesays.com\/se\/wp-json\/wp\/v2\/media?parent=58921"}],"wp:term":[{"taxonomy":"category","embeddable":true,"href":"https:\/\/www.europesays.com\/se\/wp-json\/wp\/v2\/categories?post=58921"},{"taxonomy":"post_tag","embeddable":true,"href":"https:\/\/www.europesays.com\/se\/wp-json\/wp\/v2\/tags?post=58921"}],"curies":[{"name":"wp","href":"https:\/\/api.w.org\/{rel}","templated":true}]}}