{"id":58924,"date":"2025-10-19T06:37:12","date_gmt":"2025-10-19T06:37:12","guid":{"rendered":"https:\/\/www.europesays.com\/se\/58924\/"},"modified":"2025-10-19T06:37:12","modified_gmt":"2025-10-19T06:37:12","slug":"forbundet-overens-med-graham-potter-hd","status":"publish","type":"post","link":"https:\/\/www.europesays.com\/se\/58924\/","title":{"rendered":"F\u00f6rbundet \u00f6verens med Graham Potter \u2013 HD"},"content":{"rendered":"<p>Det har tidigare rapporterats om att Graham Potter varit f\u00f6rbundets huvudsp\u00e5r i jakten p\u00e5 ny f\u00f6rbundskapten efter avskedandet av Jon Dahl Tomasson f\u00f6r fyra dagar sedan. <\/p>\n<p>Nu \u00e4r parterna ocks\u00e5 muntligt \u00f6verens efter att tidigare i veckan varit i kontakt. Men \u00e4n s\u00e5 l\u00e4nge \u00e4r inget kontrakt p\u00e5skrivet, skriver kv\u00e4llstidningen. <\/p>\n<p>Kontraktet l\u00e4r str\u00e4cka sig fram till mars, d\u00e5 Sverige kan spela ett eventuellt VM-playoff, med m\u00e5let att ta landslaget till VM 2026 i Nordamerika, uppger Expressen.<\/p>\n<p>50-\u00e5rige Potter har tidigare tr\u00e4nat klubbar som Chelsea, Brighton och West Ham i Premier League, och slog igenom som tr\u00e4nare f\u00f6r \u00d6stersund n\u00e4r han f\u00f6rde klubben till en cuptitel och Europa League.<\/p>\n","protected":false},"excerpt":{"rendered":"Det har tidigare rapporterats om att Graham Potter varit f\u00f6rbundets huvudsp\u00e5r i jakten p\u00e5 ny f\u00f6rbundskapten efter avskedandet&hellip;\n","protected":false},"author":2,"featured_media":58925,"comment_status":"","ping_status":"","sticky":false,"template":"","format":"standard","meta":{"footnotes":""},"categories":[68],"tags":[34,111,110,31,33,32,30],"class_list":{"0":"post-58924","1":"post","2":"type-post","3":"status-publish","4":"format-standard","5":"has-post-thumbnail","7":"category-sport","8":"tag-se","9":"tag-sport","10":"tag-sports","11":"tag-svenska","12":"tag-sverige","13":"tag-sweden","14":"tag-swedish"},"share_on_mastodon":{"url":"","error":""},"_links":{"self":[{"href":"https:\/\/www.europesays.com\/se\/wp-json\/wp\/v2\/posts\/58924","targetHints":{"allow":["GET"]}}],"collection":[{"href":"https:\/\/www.europesays.com\/se\/wp-json\/wp\/v2\/posts"}],"about":[{"href":"https:\/\/www.europesays.com\/se\/wp-json\/wp\/v2\/types\/post"}],"author":[{"embeddable":true,"href":"https:\/\/www.europesays.com\/se\/wp-json\/wp\/v2\/users\/2"}],"replies":[{"embeddable":true,"href":"https:\/\/www.europesays.com\/se\/wp-json\/wp\/v2\/comments?post=58924"}],"version-history":[{"count":0,"href":"https:\/\/www.europesays.com\/se\/wp-json\/wp\/v2\/posts\/58924\/revisions"}],"wp:featuredmedia":[{"embeddable":true,"href":"https:\/\/www.europesays.com\/se\/wp-json\/wp\/v2\/media\/58925"}],"wp:attachment":[{"href":"https:\/\/www.europesays.com\/se\/wp-json\/wp\/v2\/media?parent=58924"}],"wp:term":[{"taxonomy":"category","embeddable":true,"href":"https:\/\/www.europesays.com\/se\/wp-json\/wp\/v2\/categories?post=58924"},{"taxonomy":"post_tag","embeddable":true,"href":"https:\/\/www.europesays.com\/se\/wp-json\/wp\/v2\/tags?post=58924"}],"curies":[{"name":"wp","href":"https:\/\/api.w.org\/{rel}","templated":true}]}}