{"id":58933,"date":"2025-10-19T06:47:37","date_gmt":"2025-10-19T06:47:37","guid":{"rendered":"https:\/\/www.europesays.com\/se\/58933\/"},"modified":"2025-10-19T06:47:37","modified_gmt":"2025-10-19T06:47:37","slug":"mats-och-viveca-bor-i-wallanders-hus-ystads-allehanda","status":"publish","type":"post","link":"https:\/\/www.europesays.com\/se\/58933\/","title":{"rendered":"Mats och Viveca bor i Wallanders hus \u2013 Ystads Allehanda"},"content":{"rendered":"<p>Mats och Viveca Svensson bor i en oansenlig mexitegelvilla i ett lugnt bostadsomr\u00e5de i Ystad. <\/p>\n<p>\u201dPerfekt som bostad f\u00f6r vardagshj\u00e4lten Kurt Wallander\u201d, tyckte filmg\u00e4nget som precis avslutat flera veckor av inspelningar i huset.<\/p>\n<p>\u2013 Att v\u00e5rt hus var precis lagom slitet var tydligen det som fick filmfolket nappade p\u00e5 det, s\u00e4ger Viveca. <\/p>\n<p>Det \u00e4r nog f\u00e5 Ystadsbor som har missat att en ny omg\u00e5ng av filmer om den evige Ystadskommissarien spelas in i staden i h\u00f6st. Det \u00e4r den f\u00f6rsta nya Wallander-filmen p\u00e5 tolv \u00e5r (om man inte r\u00e4knar Netflix-serien \u201dYoung Wallander\u201d fr\u00e5n 2020 \u2013 fast den spelades in i Litauen).<\/p>\n<p>Tekniskt fel<\/p>\n<p class=\"message__text txt-ui txt-ui-2\">V\u00e4nligen f\u00f6rs\u00f6k igen senare.<\/p>\n<p>Den h\u00e4r artikeln \u00e4r bara f\u00f6r prenumeranter<\/p>\n<p class=\"txt-body txt-body-1\">Om du redan \u00e4r prenumerant: logga in!<\/p>\n","protected":false},"excerpt":{"rendered":"Mats och Viveca Svensson bor i en oansenlig mexitegelvilla i ett lugnt bostadsomr\u00e5de i Ystad. \u201dPerfekt som bostad&hellip;\n","protected":false},"author":2,"featured_media":58934,"comment_status":"","ping_status":"","sticky":false,"template":"","format":"standard","meta":{"footnotes":""},"categories":[67],"tags":[104,34,31,33,32,30,105],"class_list":{"0":"post-58933","1":"post","2":"type-post","3":"status-publish","4":"format-standard","5":"has-post-thumbnail","7":"category-underhallning","8":"tag-entertainment","9":"tag-se","10":"tag-svenska","11":"tag-sverige","12":"tag-sweden","13":"tag-swedish","14":"tag-underhallning"},"share_on_mastodon":{"url":"","error":""},"_links":{"self":[{"href":"https:\/\/www.europesays.com\/se\/wp-json\/wp\/v2\/posts\/58933","targetHints":{"allow":["GET"]}}],"collection":[{"href":"https:\/\/www.europesays.com\/se\/wp-json\/wp\/v2\/posts"}],"about":[{"href":"https:\/\/www.europesays.com\/se\/wp-json\/wp\/v2\/types\/post"}],"author":[{"embeddable":true,"href":"https:\/\/www.europesays.com\/se\/wp-json\/wp\/v2\/users\/2"}],"replies":[{"embeddable":true,"href":"https:\/\/www.europesays.com\/se\/wp-json\/wp\/v2\/comments?post=58933"}],"version-history":[{"count":0,"href":"https:\/\/www.europesays.com\/se\/wp-json\/wp\/v2\/posts\/58933\/revisions"}],"wp:featuredmedia":[{"embeddable":true,"href":"https:\/\/www.europesays.com\/se\/wp-json\/wp\/v2\/media\/58934"}],"wp:attachment":[{"href":"https:\/\/www.europesays.com\/se\/wp-json\/wp\/v2\/media?parent=58933"}],"wp:term":[{"taxonomy":"category","embeddable":true,"href":"https:\/\/www.europesays.com\/se\/wp-json\/wp\/v2\/categories?post=58933"},{"taxonomy":"post_tag","embeddable":true,"href":"https:\/\/www.europesays.com\/se\/wp-json\/wp\/v2\/tags?post=58933"}],"curies":[{"name":"wp","href":"https:\/\/api.w.org\/{rel}","templated":true}]}}