{"id":58980,"date":"2025-10-19T07:41:16","date_gmt":"2025-10-19T07:41:16","guid":{"rendered":"https:\/\/www.europesays.com\/se\/58980\/"},"modified":"2025-10-19T07:41:16","modified_gmt":"2025-10-19T07:41:16","slug":"i-natt-man-till-sjukhus-efter-misshandel-stokig-natt-i-varmland-nwt","status":"publish","type":"post","link":"https:\/\/www.europesays.com\/se\/58980\/","title":{"rendered":"I NATT: Man till sjukhus efter misshandel \u2013 st\u00f6kig natt i V\u00e4rmland &#8211; NWT"},"content":{"rendered":"<ol>\n<li><a href=\"https:\/\/news.google.com\/rss\/articles\/CBMimAFBVV95cUxQUjA4RTMtd3hLbGdZUG1vYlNTQk1OenBzbFM4S2hnSkJ6N3JaanEtWm5haGdDUkNjRF9ndFliTnhCUkEwNFF4MDdZbGp2RVNSblJoR1NMRm50Z0x4R0pZQ2NWVWRxcEtyR2JUT0V3dXQ2YVBUcjlMZWpXS09xcUVaUThBbWZkSFdod3hNem1WVlpYU0d2QnlrYQ?oc=5\" target=\"_blank\" rel=\"nofollow noopener\">I NATT: Man till sjukhus efter misshandel \u2013 st\u00f6kig natt i V\u00e4rmland<\/a>&nbsp;&nbsp;NWT<\/li>\n<li><a href=\"https:\/\/news.google.com\/rss\/articles\/CBMifkFVX3lxTFB1Q192bURGdmNSejJWUE1hV1p1dEtjTGxfRUpOUVJDeWEtWi16SERKNE9SSVRQZU5nb2htUkQ0OU84SGhNV1RQV0VaYVFjRl9VUVVQbXNjWTdkMVhzc0c5Yzl2dnByVGhQRVhIVERsSlctc0FLOFR1bUYzcWVRdw?oc=5\" target=\"_blank\" rel=\"nofollow noopener\">I NATT: Fylla och st\u00f6k \u2013 fullt upp f\u00f6r polisen<\/a>&nbsp;&nbsp;NWT<\/li>\n<li><a href=\"https:\/\/news.google.com\/rss\/articles\/CBMiiwFBVV95cUxNVWhRY0xXR3JXdTJscm5WRFllM19fUWZPWXhnQmVuR0IwbktvbXBCZjYwdS04Y2J3N0VFMi1GY3dmNVVVYmhIc29DMEtRVWFCcDBQbjJHbnFVMlJKREh3WkNlU0lQQzg0NjdhdWNybEVKYmpCWW1rWEQ5MWJWa2hTVWZBU2toSExZYkpZ?oc=5\" target=\"_blank\" rel=\"nofollow noopener\">Nedan f\u00f6ljer en sammanfattning av natten.<\/a>&nbsp;&nbsp;Brottsplatskartan.se<\/li>\n<li><a href=\"https:\/\/news.google.com\/rss\/articles\/CBMipwFBVV95cUxOMEdZbWZNN21PSEJaU1ZsWFJOeFY1ZjF6bDY2WTdHUEtSVll0c3Jkd29sV29GSEcyQWkxb3dCT2lzZHRMeTZ4NGliZ1BUV1JHenpoRVc4TjBDZ2pTQnVSZU95TEVzbkJwX0tXOXJSNHdWbGhqc3gtMXM2VzJEYmJSUGZCX0VhalNsaTE0NWpGaG9ERzNPZmdvWnZVQlVpSUEzUjcyaE45QQ?oc=5\" target=\"_blank\" rel=\"nofollow noopener\">HELGENS BROTT: Oprovocerad attack, restaurangbr\u00e5k och grov misshandel<\/a>&nbsp;&nbsp;Filipstads Tidning<\/li>\n<li><a href=\"https:\/\/news.google.com\/rss\/articles\/CBMitwFBVV95cUxQRGZNN1c3a1QxNmhTUlJ2Zm1nUEVZUDVZdjRMM1RtUlN1S0hWUGgzZzY2X2FvRmtRM18weXNFY3BBREptYVRLU1d3aHI3ckNTMWFoalZ3RHhyYUZtMVFBLXg4bG9UR0h0dGNLMUtDN2ZCV0V5blpVbHhoUzdBT2JiQ3dlWElYU0p5SGRuS3Foek9nNzd4SjM3MWxPOXAzOS11Z0MxUjhlZGFiOFd4NVc3WHgtbzAzMXM?oc=5\" target=\"_blank\" rel=\"nofollow noopener\">I NATT: Man \u00f6verf\u00f6lls av g\u00e4ng och ungdomar omh\u00e4ndertogs f\u00f6r fylla \u2013 fullt upp f\u00f6r polisen<\/a>&nbsp;&nbsp;NWT<\/li>\n<\/ol>\n","protected":false},"excerpt":{"rendered":"I NATT: Man till sjukhus efter misshandel \u2013 st\u00f6kig natt i V\u00e4rmland&nbsp;&nbsp;NWT I NATT: Fylla och st\u00f6k \u2013&hellip;\n","protected":false},"author":2,"featured_media":58981,"comment_status":"","ping_status":"","sticky":false,"template":"","format":"standard","meta":{"footnotes":""},"categories":[5],"tags":[22,23,26,27,17,21,24,25,28,29,15,16,18,34,31,33,32,30,19,20],"class_list":{"0":"post-58980","1":"post","2":"type-post","3":"status-publish","4":"format-standard","5":"has-post-thumbnail","7":"category-rubriker","8":"tag-breaking-news","9":"tag-breakingnews","10":"tag-featured-news","11":"tag-featurednews","12":"tag-headlines","13":"tag-huvudnyheter","14":"tag-latest-news","15":"tag-latestnews","16":"tag-main-news","17":"tag-mainnews","18":"tag-news","19":"tag-nyheter","20":"tag-rubriker","21":"tag-se","22":"tag-svenska","23":"tag-sverige","24":"tag-sweden","25":"tag-swedish","26":"tag-top-stories","27":"tag-topstories"},"share_on_mastodon":{"url":"","error":""},"_links":{"self":[{"href":"https:\/\/www.europesays.com\/se\/wp-json\/wp\/v2\/posts\/58980","targetHints":{"allow":["GET"]}}],"collection":[{"href":"https:\/\/www.europesays.com\/se\/wp-json\/wp\/v2\/posts"}],"about":[{"href":"https:\/\/www.europesays.com\/se\/wp-json\/wp\/v2\/types\/post"}],"author":[{"embeddable":true,"href":"https:\/\/www.europesays.com\/se\/wp-json\/wp\/v2\/users\/2"}],"replies":[{"embeddable":true,"href":"https:\/\/www.europesays.com\/se\/wp-json\/wp\/v2\/comments?post=58980"}],"version-history":[{"count":0,"href":"https:\/\/www.europesays.com\/se\/wp-json\/wp\/v2\/posts\/58980\/revisions"}],"wp:featuredmedia":[{"embeddable":true,"href":"https:\/\/www.europesays.com\/se\/wp-json\/wp\/v2\/media\/58981"}],"wp:attachment":[{"href":"https:\/\/www.europesays.com\/se\/wp-json\/wp\/v2\/media?parent=58980"}],"wp:term":[{"taxonomy":"category","embeddable":true,"href":"https:\/\/www.europesays.com\/se\/wp-json\/wp\/v2\/categories?post=58980"},{"taxonomy":"post_tag","embeddable":true,"href":"https:\/\/www.europesays.com\/se\/wp-json\/wp\/v2\/tags?post=58980"}],"curies":[{"name":"wp","href":"https:\/\/api.w.org\/{rel}","templated":true}]}}