{"id":58988,"date":"2025-10-19T07:46:16","date_gmt":"2025-10-19T07:46:16","guid":{"rendered":"https:\/\/www.europesays.com\/se\/58988\/"},"modified":"2025-10-19T07:46:16","modified_gmt":"2025-10-19T07:46:16","slug":"efter-spanningarna-usa-och-kina-tar-upp-handelssamtalen","status":"publish","type":"post","link":"https:\/\/www.europesays.com\/se\/58988\/","title":{"rendered":"Efter sp\u00e4nningarna \u2013 USA och Kina tar upp handelssamtalen"},"content":{"rendered":"<p>USA och Kina kom i\u202fnatt \u00f6verens om att inleda nya handelssamtal i n\u00e4sta vecka, rapporterar flera nyhetsmedier. <\/p>\n<p>Det blir USA:s finansminister Scott Bessent och Kinas vice premi\u00e4rminister He Lifeng som f\u00e5r i uppdrag att f\u00f6rhandla om att minska sp\u00e4nningarna mellan l\u00e4nderna.<\/p>\n<p>\u2013 He och jag, tillsammans med v\u00e5ra delegationer, kommer att m\u00f6tas i Malaysia \u2013 troligen om en vecka \u2013 f\u00f6r att f\u00f6rbereda m\u00f6tet mellan de tv\u00e5 presidenterna, s\u00e4ger Bessent. <\/p>\n<p>Omni \u00e4r politiskt obundna och oberoende. Vi str\u00e4var efter att ge fler perspektiv p\u00e5 nyheterna. Har du fr\u00e5gor eller synpunkter kring v\u00e5r rapportering? <a href=\"https:\/\/omni.se\/efter-spanningarna-usa-och-kina-tar-upp-handelssamtalen\/a\/mailto:redaktion@omni.se\" class=\"ArticleActions_contactLink__W2F1M\" rel=\"nofollow noopener\" target=\"_blank\">Kontakta redaktionen<\/a><\/p>\n","protected":false},"excerpt":{"rendered":"USA och Kina kom i\u202fnatt \u00f6verens om att inleda nya handelssamtal i n\u00e4sta vecka, rapporterar flera nyhetsmedier. Det&hellip;\n","protected":false},"author":2,"featured_media":58989,"comment_status":"","ping_status":"","sticky":false,"template":"","format":"standard","meta":{"footnotes":""},"categories":[65],"tags":[75,387,72,70,71,549,268,2581,34,31,33,32,30,77,74],"class_list":{"0":"post-58988","1":"post","2":"type-post","3":"status-publish","4":"format-standard","5":"has-post-thumbnail","7":"category-ekonomi","8":"tag-amerikansk-ekonomi","9":"tag-amerikansk-politik","10":"tag-business","11":"tag-economy","12":"tag-ekonomi","13":"tag-kina","14":"tag-nordamerika","15":"tag-scott-bessent","16":"tag-se","17":"tag-svenska","18":"tag-sverige","19":"tag-sweden","20":"tag-swedish","21":"tag-tullkrisen","22":"tag-usa"},"share_on_mastodon":{"url":"","error":""},"_links":{"self":[{"href":"https:\/\/www.europesays.com\/se\/wp-json\/wp\/v2\/posts\/58988","targetHints":{"allow":["GET"]}}],"collection":[{"href":"https:\/\/www.europesays.com\/se\/wp-json\/wp\/v2\/posts"}],"about":[{"href":"https:\/\/www.europesays.com\/se\/wp-json\/wp\/v2\/types\/post"}],"author":[{"embeddable":true,"href":"https:\/\/www.europesays.com\/se\/wp-json\/wp\/v2\/users\/2"}],"replies":[{"embeddable":true,"href":"https:\/\/www.europesays.com\/se\/wp-json\/wp\/v2\/comments?post=58988"}],"version-history":[{"count":0,"href":"https:\/\/www.europesays.com\/se\/wp-json\/wp\/v2\/posts\/58988\/revisions"}],"wp:featuredmedia":[{"embeddable":true,"href":"https:\/\/www.europesays.com\/se\/wp-json\/wp\/v2\/media\/58989"}],"wp:attachment":[{"href":"https:\/\/www.europesays.com\/se\/wp-json\/wp\/v2\/media?parent=58988"}],"wp:term":[{"taxonomy":"category","embeddable":true,"href":"https:\/\/www.europesays.com\/se\/wp-json\/wp\/v2\/categories?post=58988"},{"taxonomy":"post_tag","embeddable":true,"href":"https:\/\/www.europesays.com\/se\/wp-json\/wp\/v2\/tags?post=58988"}],"curies":[{"name":"wp","href":"https:\/\/api.w.org\/{rel}","templated":true}]}}