{"id":59023,"date":"2025-10-19T08:41:08","date_gmt":"2025-10-19T08:41:08","guid":{"rendered":"https:\/\/www.europesays.com\/se\/59023\/"},"modified":"2025-10-19T08:41:08","modified_gmt":"2025-10-19T08:41:08","slug":"gais-stjarnan-gustav-lundgrens-hyllning-infor-djurgarden","status":"publish","type":"post","link":"https:\/\/www.europesays.com\/se\/59023\/","title":{"rendered":"Gais-stj\u00e4rnan Gustav Lundgrens hyllning inf\u00f6r Djurg\u00e5rden"},"content":{"rendered":"<p><strong>G\u00d6TEBORG. Gais jagar Europa-spel med fyra omg\u00e5ngar kvar.<br \/>Det hade <a href=\"https:\/\/fotbolldirekt.se\/spelare\/gustav-lundgren\/\" rel=\"nofollow noopener\" target=\"_blank\">Gustav Lundgren<\/a>, 30, aldrig kunnat tro p\u00e5 n\u00e4r han ansl\u00f6t f\u00f6r tre \u00e5r sedan.<br \/>\u2013 Det hade jag inte trott p\u00e5, s\u00e5 klart, skrattar han.<\/strong><\/p>\n<p><img loading=\"lazy\" decoding=\"async\" width=\"1024\" height=\"576\" src=\"https:\/\/www.europesays.com\/se\/wp-content\/uploads\/2025\/10\/gustav-lundgren-1-1024x576.jpg\" alt=\"\" class=\"wp-image-329772\"  \/>Foto: Bildbyr\u00e5n<\/p>\n<p><strong>\u2714\ufe0f L\u00e4s ocks\u00e5: <a href=\"https:\/\/fotbolldirekt.se\/intervju\/ex-talangen-avslojar-nattsvarta-perioden-jag-madde-bajs\/\" rel=\"nofollow noopener\" target=\"_blank\">FD M\u00f6ter Gais succ\u00e9tr\u00e4nare Fredrik \u201dFidde\u201d Holmberg!<\/a><\/strong><\/p>\n<p>Landslagsuppeh\u00e5llet \u00e4r \u00f6ver och den <a href=\"https:\/\/fotbolldirekt.se\/allsvenskan\/\" rel=\"nofollow noopener\" target=\"_blank\">allsvenska s\u00e4songen 2025<\/a> g\u00e5r in i sitt absoluta slutskede. Med fyra omg\u00e5ngar kvar att spela under h\u00f6sten har <a href=\"https:\/\/fotbolldirekt.se\/klubb\/gais\/\" rel=\"nofollow noopener\" target=\"_blank\">Gais<\/a> chockat alla och befinner sig p\u00e5 en tredjeplats i tabellen, en po\u00e4ng f\u00f6re AIK och IFK G\u00f6teborg som skuggar.<\/p>\n<p>Inf\u00f6r slutstriden skiljer det bara tre po\u00e4ng mellan hela fem toppjagande lag. Gais, AIK, \u201dBl\u00e5vitt\u201d, Djurg\u00e5rden och Malm\u00f6 FF har alla vittring p\u00e5 tredjeplatsen och biljetten till Europa-spel till n\u00e4sta s\u00e4song.<\/p>\n<p>\u2013 Det \u00e4r m\u00e5nga lag som \u00e4r med och sl\u00e5ss om det, och det har g\u00e5tt lite upp och ned f\u00f6r allihopa. Det har gjort att det har levt och \u00e4r j\u00e4mnt fortfarande mellan alla lag, det \u00e4r v\u00e4l fem lag som fortfarande har chansen, s\u00e4ger <strong>Gustav Lundgren<\/strong> till FotbollDirekt och till\u00e4gger:<br \/>\u2013 Det har varit lite blandat f\u00f6r oss, men vi har f\u00e5tt en del resultat med oss p\u00e5 sistonde.<\/p>\n<p><img loading=\"lazy\" decoding=\"async\" width=\"1024\" height=\"576\" src=\"https:\/\/www.europesays.com\/se\/wp-content\/uploads\/2025\/10\/gustav-lundgren-gais-1024x576.jpg\" alt=\"250831 GAIS Gustav Lundgren jublar med lagkamrater efter 2-0 under fotbollsmatchen i Allsvenskan mellan GAIS och H\u00e4cken den 31 augusti 2025 i G\u00f6teborg.&#10;\" class=\"wp-image-329775\"  \/>Gustav Lundgren. Foto: Bildbyr\u00e5n<\/p>\n<p><strong>Hur mycket f\u00f6ljer du de andra topplagens matcher?<br \/><\/strong>\u2013 Jag f\u00f6ljer allsvenskan annars med f\u00f6r att jag tycker att det \u00e4r roligt att kolla p\u00e5 matcherna eller man k\u00e4nner n\u00e5gon, eller s\u00e5. Men det \u00e4r klart att det blir lite extra intressant att f\u00f6lja lagen som \u00e4r n\u00e4ra oss. Lite extra koll har man v\u00e4l.<\/p>\n<p>\u201dEn dr\u00f6m som man hade f\u00e5tt uppfylla\u201d<\/p>\n<p>Gais, som slutade p\u00e5 en succ\u00e9artad sj\u00e4tteplats som nykomling i fjol, har \u00f6verbevisat experter och tyckare och jagar en plats i Europa-spelet till n\u00e4sta \u00e5r.<\/p>\n<p>\u2013 Vi har alla m\u00f6jligheter s\u00e5 klart. Vi har tv\u00e5 lag kvar (att m\u00f6ta, Djurg\u00e5rden och Malm\u00f6, reds. anm.) som sl\u00e5ss om det. Det kan man se som b\u00e5de f\u00f6r- och nackdel. Sl\u00e5r man dem s\u00e5 ger det en bra chans till att vi f\u00e5r den. Det \u00e4r fyra matcher och det \u00e4r mycket som kan h\u00e4nda. Det \u00e4r kul att f\u00e5 vara med p\u00e5 det och jag tror fullt ut p\u00e5 det h\u00e4r laget. Vi har lika mycket m\u00f6jlighet som alla andra, s\u00e4ger Lundgren.<\/p>\n<p>Gais-stj\u00e4rnan ansl\u00f6t till klubben fr\u00e5n Onsala inf\u00f6r s\u00e4songen 2022 och har varit med p\u00e5 resan upp fr\u00e5n ettan hela v\u00e4gen till allsvensk toppstrid. Nu dr\u00f6mmer Lundgren om att ta n\u00e4sta steg och skjuta Gais ut i Europa.<\/p>\n<p>\u2013 Det hade varit stort. Det var inget jag t\u00e4nkte att jag skulle f\u00e5 g\u00f6ra n\u00e4r jag kom hit f\u00f6r tre \u00e5r sedan. Det \u00e4r klart att det hade varit h\u00e4ftigt och en dr\u00f6m som man hade f\u00e5tt uppfylla, s\u00e4ger han.<\/p>\n<p><img loading=\"lazy\" decoding=\"async\" width=\"1024\" height=\"576\" src=\"https:\/\/www.europesays.com\/se\/wp-content\/uploads\/2025\/10\/gustav-lundgren-gais-1-1024x576.jpg\" alt=\"250726 GAISs Gustav Lundgren jublar efter 2-0 under fotbollsmatchen i Allsvenskan mellan GAIS och Halmstad den 26 juli 2025 i G\u00f6teborg.&#10;\" class=\"wp-image-329776\"  \/>Gustav Lundgren. Foto: Bildbyr\u00e5n<\/p>\n<p><strong>Om jag hade sagt <strong>till dig f\u00f6r tre \u00e5r sedan<\/strong><\/strong> <strong>att Gais skulle ha vittring p\u00e5 Europa, vad hade du sagt d\u00e5?<br \/><\/strong>\u2013 Det hade jag inte trott p\u00e5, s\u00e5 klart. Det hade varit sv\u00e5rt att se, skrattar han.<\/p>\n<p>Hyllar Djurg\u00e5rden<\/p>\n<p>Under s\u00f6ndagen st\u00e4lls Gais mot toppkonkurrenten <a href=\"https:\/\/fotbolldirekt.se\/klubb\/djurgardens-if\/\" rel=\"nofollow noopener\" target=\"_blank\">Djurg\u00e5rden<\/a> hemma p\u00e5 Gamla ullevi. Vid en seger kan Gais koppla ett rej\u00e4lt grepp om tredjeplatsen, medan Djurg\u00e5rden g\u00e5r om i tabellen vid en bl\u00e5randig seger.<\/p>\n<p>\u2013\u00a0De har varit v\u00e4ldigt, v\u00e4ldigt bra och smugit med utan att n\u00e5gon kanske egentligen har pratat om dem sedan sommaruppeh\u00e5llet typ. Det k\u00e4nns som att de har g\u00e5tt rent. Det \u00e4r ett v\u00e4ldigt bra lag med m\u00e5nga bra spelare, och jag hoppas att det ska bli en rolig match d\u00e4r vi kanske kan komma upp i en h\u00f6gre niv\u00e5 \u00e4n senast. Det kommer s\u00e4kert bli tufft och det \u00e4r mycket som st\u00e5r p\u00e5 spel, s\u00e4ger Gustav Lundgren och till\u00e4gger:<br \/>\u2013 Vi gjorde en bra match mot dem i i h\u00f6stas h\u00e4r p\u00e5 Ullevi. D\u00e5 kanske de inte var i ett j\u00e4ttebra l\u00e4ge i deras s\u00e4song. Det blir nog en tuffare match denna g\u00e5ng.<\/p>\n<p>Matchen mellan Gais och Djurg\u00e5rden startar klockan 14:00 under s\u00f6ndagen.<\/p>\n","protected":false},"excerpt":{"rendered":"G\u00d6TEBORG. Gais jagar Europa-spel med fyra omg\u00e5ngar kvar.Det hade Gustav Lundgren, 30, aldrig kunnat tro p\u00e5 n\u00e4r han&hellip;\n","protected":false},"author":2,"featured_media":59024,"comment_status":"","ping_status":"","sticky":false,"template":"","format":"standard","meta":{"footnotes":""},"categories":[68],"tags":[774,34,111,110,31,33,32,30],"class_list":{"0":"post-59023","1":"post","2":"type-post","3":"status-publish","4":"format-standard","5":"has-post-thumbnail","7":"category-sport","8":"tag-mini-top-block-1","9":"tag-se","10":"tag-sport","11":"tag-sports","12":"tag-svenska","13":"tag-sverige","14":"tag-sweden","15":"tag-swedish"},"share_on_mastodon":{"url":"","error":""},"_links":{"self":[{"href":"https:\/\/www.europesays.com\/se\/wp-json\/wp\/v2\/posts\/59023","targetHints":{"allow":["GET"]}}],"collection":[{"href":"https:\/\/www.europesays.com\/se\/wp-json\/wp\/v2\/posts"}],"about":[{"href":"https:\/\/www.europesays.com\/se\/wp-json\/wp\/v2\/types\/post"}],"author":[{"embeddable":true,"href":"https:\/\/www.europesays.com\/se\/wp-json\/wp\/v2\/users\/2"}],"replies":[{"embeddable":true,"href":"https:\/\/www.europesays.com\/se\/wp-json\/wp\/v2\/comments?post=59023"}],"version-history":[{"count":0,"href":"https:\/\/www.europesays.com\/se\/wp-json\/wp\/v2\/posts\/59023\/revisions"}],"wp:featuredmedia":[{"embeddable":true,"href":"https:\/\/www.europesays.com\/se\/wp-json\/wp\/v2\/media\/59024"}],"wp:attachment":[{"href":"https:\/\/www.europesays.com\/se\/wp-json\/wp\/v2\/media?parent=59023"}],"wp:term":[{"taxonomy":"category","embeddable":true,"href":"https:\/\/www.europesays.com\/se\/wp-json\/wp\/v2\/categories?post=59023"},{"taxonomy":"post_tag","embeddable":true,"href":"https:\/\/www.europesays.com\/se\/wp-json\/wp\/v2\/tags?post=59023"}],"curies":[{"name":"wp","href":"https:\/\/api.w.org\/{rel}","templated":true}]}}