{"id":59029,"date":"2025-10-19T08:49:07","date_gmt":"2025-10-19T08:49:07","guid":{"rendered":"https:\/\/www.europesays.com\/se\/59029\/"},"modified":"2025-10-19T08:49:07","modified_gmt":"2025-10-19T08:49:07","slug":"tv-kempe-raddade-kings-igen-nagot-jag-jobbat-pa","status":"publish","type":"post","link":"https:\/\/www.europesays.com\/se\/59029\/","title":{"rendered":"TV: Kempe r\u00e4ddade Kings &#8211; igen: &#8221;N\u00e5got jag jobbat p\u00e5&#8221;"},"content":{"rendered":"<p><strong>F\u00f6r andra g\u00e5ngen den h\u00e4r s\u00e4songen r\u00e4ddade <a href=\"https:\/\/hockeysverige.se\/spelare\/adrian-kempe\" rel=\"nofollow noopener\" target=\"_blank\">Adrian Kempe<\/a> po\u00e4ng f\u00f6r <a href=\"https:\/\/hockeysverige.se\/klubb\/los-angeles-kings\" rel=\"nofollow noopener\" target=\"_blank\">LA Kings<\/a>. \u00c4nd\u00e5 f\u00f6ll man \u00e5terigen efter ordinarie tid, nu mot <a href=\"https:\/\/hockeysverige.se\/klubb\/carolina-hurricanes\" rel=\"nofollow noopener\" target=\"_blank\">Carolina Hurricanes<\/a>. <br \/>\u2013 Det \u00e4r n\u00e5got jag f\u00f6rs\u00f6kt g\u00f6ra. Det var ett viktigt m\u00e5l, s\u00e4ger han efter 3\u20134-matchen, enligt NHL.com.<\/strong><\/p>\n<p><img loading=\"lazy\" decoding=\"async\" width=\"1024\" height=\"658\" src=\"https:\/\/www.europesays.com\/se\/wp-content\/uploads\/2025\/10\/Kempe-1024x658.webp.webp\" alt=\"\" class=\"wp-image-315605\"  \/>Adrian Kempe. <strong>Foto:<\/strong> Bildbyr\u00e5n\/Matt Blewett och X (NHL).<\/p>\n<p>Se matchens h\u00f6jdpunkter i videospelaren ovan.<\/p>\n<p>F\u00f6rlusterna forts\u00e4tter att rada up sig f\u00f6r Los Angeles Kings i inledningen av NHL-s\u00e4songen. Nattens 3\u20134-f\u00f6rlust mot Carolina Hurricanes var lagets femte denna s\u00e4song, och andra efter ordinarie tid. Nu, precis som vid senaste OT-nederlaget, var Adrian Kempe inblandad i att r\u00e4dda po\u00e4ng. <\/p>\n<p>3\u20133-m\u00e5let mot Carolina kom med nio minuter kvar att spela, efter en framspelning av LA-svensken d\u00e4r han droppade pucken och blockade bort en back. <\/p>\n<p>\u2013\u00a0Det \u00e4r n\u00e5got jag har jobbat p\u00e5, som alla har jobbat p\u00e5, att vi vill hitta spelare och skapa utrymme f\u00f6r andra, s\u00e5 det \u00e4r n\u00e5got jag f\u00f6rs\u00f6kt g\u00f6ra. Kevin (Fiala) \u00e4r en fantastisk skytt, s\u00e5 ja, det var ett viktigt m\u00e5l, s\u00e4ger Kempe efter matchen, enligt NHL.com.<\/p>\n<p>Kempe: \u201dD\u00e5 st\u00e5r vi h\u00e4r och skrattar \u00e5t det\u201d<\/p>\n<p>29-\u00e5ringen fr\u00e5n Kramfors forts\u00e4tter om att Kings nu har fyra po\u00e4ng efter sex matcher \u2013 efter att tre matcher avgjorts efter ordinarie tid.<\/p>\n<p>\u2013 Vi gjorde det igen. Oavsett f\u00f6rlust i \u00f6vertid eller straffl\u00e4ggning, s\u00e5 \u00e4r det tufft. Sj\u00e4lvklart var starten inte tillr\u00e4ckligt bra, men vi visade v\u00e5rt spel och k\u00e4mpade oss tillbaka och visade hur bra vi kan vara. Men ja, det \u00e4r tufft. Om vi vinner tre av de d\u00e4r \u00f6vertidsmatcherna, d\u00e5 st\u00e5r vi h\u00e4r och \u00e4r glada och skrattar \u00e5t det, s\u00e4ger han. <\/p>\n<p>LA Kings enda seger den h\u00e4r s\u00e4songen var efter den d\u00e4r straffl\u00e4ggningen Kempe n\u00e4mner \u2013 mot Vegas. <\/p>\n<p>Den svenske stj\u00e4rnan noterades \u00e4ven f\u00f6r en assist vid 2\u20133-m\u00e5let i andra perioden. <\/p>\n<p><strong>LA Kings \u2013 Carolina Hurricanes: 3\u20134 <\/strong>OT (0\u20132, 2\u20131, 1\u20130, 0\u20131)<br \/><strong>Los Angeles: <\/strong>Trevor Moore, Andrei Kuzmenko, Kevin Fiala.<br \/><strong>Carolina: <\/strong>Jordan Staal (2), Jesperi Kotkaniemi, Seth Jarvis.<\/p>\n","protected":false},"excerpt":{"rendered":"F\u00f6r andra g\u00e5ngen den h\u00e4r s\u00e4songen r\u00e4ddade Adrian Kempe po\u00e4ng f\u00f6r LA Kings. \u00c4nd\u00e5 f\u00f6ll man \u00e5terigen efter&hellip;\n","protected":false},"author":2,"featured_media":59030,"comment_status":"","ping_status":"","sticky":false,"template":"","format":"standard","meta":{"footnotes":""},"categories":[68],"tags":[247,34,133,111,110,31,33,32,30],"class_list":{"0":"post-59029","1":"post","2":"type-post","3":"status-publish","4":"format-standard","5":"has-post-thumbnail","7":"category-sport","8":"tag-nhl","9":"tag-se","10":"tag-second-news","11":"tag-sport","12":"tag-sports","13":"tag-svenska","14":"tag-sverige","15":"tag-sweden","16":"tag-swedish"},"share_on_mastodon":{"url":"","error":""},"_links":{"self":[{"href":"https:\/\/www.europesays.com\/se\/wp-json\/wp\/v2\/posts\/59029","targetHints":{"allow":["GET"]}}],"collection":[{"href":"https:\/\/www.europesays.com\/se\/wp-json\/wp\/v2\/posts"}],"about":[{"href":"https:\/\/www.europesays.com\/se\/wp-json\/wp\/v2\/types\/post"}],"author":[{"embeddable":true,"href":"https:\/\/www.europesays.com\/se\/wp-json\/wp\/v2\/users\/2"}],"replies":[{"embeddable":true,"href":"https:\/\/www.europesays.com\/se\/wp-json\/wp\/v2\/comments?post=59029"}],"version-history":[{"count":0,"href":"https:\/\/www.europesays.com\/se\/wp-json\/wp\/v2\/posts\/59029\/revisions"}],"wp:featuredmedia":[{"embeddable":true,"href":"https:\/\/www.europesays.com\/se\/wp-json\/wp\/v2\/media\/59030"}],"wp:attachment":[{"href":"https:\/\/www.europesays.com\/se\/wp-json\/wp\/v2\/media?parent=59029"}],"wp:term":[{"taxonomy":"category","embeddable":true,"href":"https:\/\/www.europesays.com\/se\/wp-json\/wp\/v2\/categories?post=59029"},{"taxonomy":"post_tag","embeddable":true,"href":"https:\/\/www.europesays.com\/se\/wp-json\/wp\/v2\/tags?post=59029"}],"curies":[{"name":"wp","href":"https:\/\/api.w.org\/{rel}","templated":true}]}}