{"id":59039,"date":"2025-10-19T09:00:11","date_gmt":"2025-10-19T09:00:11","guid":{"rendered":"https:\/\/www.europesays.com\/se\/59039\/"},"modified":"2025-10-19T09:00:11","modified_gmt":"2025-10-19T09:00:11","slug":"ai-svepskal-for-att-skara-ner-pekar-ut-klarna","status":"publish","type":"post","link":"https:\/\/www.europesays.com\/se\/59039\/","title":{"rendered":"AI svepsk\u00e4l f\u00f6r att sk\u00e4ra ner \u2013 pekar ut Klarna"},"content":{"rendered":"<p>Allt fler storf\u00f6retag anv\u00e4nder AI som urs\u00e4kt f\u00f6r att motivera kraftiga nedsk\u00e4rningar i personalstyrkan. Det s\u00e4ger Fabian Stephany, bitr\u00e4dande professor i AI och arbete vid Oxford Internet Institute, till CNBC. <\/p>\n<p>Bara den senaste m\u00e5naden har Salesforce kapat 4\u202f000 tj\u00e4nster, och flygj\u00e4tten Lufthansa kommer minska personalstyrkan med lika m\u00e5nga tj\u00e4nster till 2030 p\u00e5 grund av AI. Stephany p\u00e5pekar att det tidigare fanns en viss stigmatisering kring AI, men att f\u00f6retagen nu anv\u00e4nder tekniken som \u201dsyndabock\u201d, d\u00e4r fler orsaker kan ligga bakom upps\u00e4gningarna. <\/p>\n<p>\u2013 Jag \u00e4r verkligen skeptisk till om de upps\u00e4gningar vi ser just nu verkligen beror p\u00e5 faktiska effektivitetsvinster, s\u00e4ger han.<\/p>\n<p>Han pekar ut f\u00f6retag som Duolingo och Klarna som \u201dutm\u00e4rkta exempel\u201d och menar att f\u00f6retagen anst\u00e4llde alldeles f\u00f6r snabbt under pandemin. <\/p>\n<p>Klarna h\u00e4nvisar till ett inl\u00e4gg p\u00e5 X av vd:n Sebastian Siemiatkowski som menar att AI \u00e4r en del av f\u00f6rklaringen till att personalstyrkan minskat fr\u00e5n 5\u202f500 till 3\u202f000 de senaste tv\u00e5 \u00e5ren. <\/p>\n<p>Omni \u00e4r politiskt obundna och oberoende. Vi str\u00e4var efter att ge fler perspektiv p\u00e5 nyheterna. Har du fr\u00e5gor eller synpunkter kring v\u00e5r rapportering? <a href=\"https:\/\/omni.se\/expert-foretag-anvander-ai-som-svepskal-pekar-ut-klarna\/a\/mailto:redaktion@omni.se\" class=\"ArticleActions_contactLink__W2F1M\" rel=\"nofollow noopener\" target=\"_blank\">Kontakta redaktionen<\/a><\/p>\n","protected":false},"excerpt":{"rendered":"Allt fler storf\u00f6retag anv\u00e4nder AI som urs\u00e4kt f\u00f6r att motivera kraftiga nedsk\u00e4rningar i personalstyrkan. Det s\u00e4ger Fabian Stephany,&hellip;\n","protected":false},"author":2,"featured_media":59040,"comment_status":"","ping_status":"","sticky":false,"template":"","format":"standard","meta":{"footnotes":""},"categories":[65],"tags":[466,338,72,333,70,71,339,334,90,4401,34,2383,31,33,32,30],"class_list":{"0":"post-59039","1":"post","2":"type-post","3":"status-publish","4":"format-standard","5":"has-post-thumbnail","7":"category-ekonomi","8":"tag-artificiell-intelligens","9":"tag-bank","10":"tag-business","11":"tag-data","12":"tag-economy","13":"tag-ekonomi","14":"tag-finans-forsakring","15":"tag-it-hogteknologi","16":"tag-klarna","17":"tag-lufthansa","18":"tag-se","19":"tag-sebastian-siemiatkowski","20":"tag-svenska","21":"tag-sverige","22":"tag-sweden","23":"tag-swedish"},"share_on_mastodon":{"url":"","error":""},"_links":{"self":[{"href":"https:\/\/www.europesays.com\/se\/wp-json\/wp\/v2\/posts\/59039","targetHints":{"allow":["GET"]}}],"collection":[{"href":"https:\/\/www.europesays.com\/se\/wp-json\/wp\/v2\/posts"}],"about":[{"href":"https:\/\/www.europesays.com\/se\/wp-json\/wp\/v2\/types\/post"}],"author":[{"embeddable":true,"href":"https:\/\/www.europesays.com\/se\/wp-json\/wp\/v2\/users\/2"}],"replies":[{"embeddable":true,"href":"https:\/\/www.europesays.com\/se\/wp-json\/wp\/v2\/comments?post=59039"}],"version-history":[{"count":0,"href":"https:\/\/www.europesays.com\/se\/wp-json\/wp\/v2\/posts\/59039\/revisions"}],"wp:featuredmedia":[{"embeddable":true,"href":"https:\/\/www.europesays.com\/se\/wp-json\/wp\/v2\/media\/59040"}],"wp:attachment":[{"href":"https:\/\/www.europesays.com\/se\/wp-json\/wp\/v2\/media?parent=59039"}],"wp:term":[{"taxonomy":"category","embeddable":true,"href":"https:\/\/www.europesays.com\/se\/wp-json\/wp\/v2\/categories?post=59039"},{"taxonomy":"post_tag","embeddable":true,"href":"https:\/\/www.europesays.com\/se\/wp-json\/wp\/v2\/tags?post=59039"}],"curies":[{"name":"wp","href":"https:\/\/api.w.org\/{rel}","templated":true}]}}