{"id":59048,"date":"2025-10-19T09:08:17","date_gmt":"2025-10-19T09:08:17","guid":{"rendered":"https:\/\/www.europesays.com\/se\/59048\/"},"modified":"2025-10-19T09:08:17","modified_gmt":"2025-10-19T09:08:17","slug":"imf-vill-att-ukraina-devalverar-infor-lanesamtal","status":"publish","type":"post","link":"https:\/\/www.europesays.com\/se\/59048\/","title":{"rendered":"IMF vill att Ukraina devalverar inf\u00f6r l\u00e5nesamtal"},"content":{"rendered":"<p>IMF vill att Ukrainas centralbank devalverar landets valuta hryvnian inf\u00f6r de kommande samtalen om ett l\u00e5n, uppger k\u00e4llor f\u00f6r Bloomberg.<\/p>\n<p>Valutafonden ska ha lyft fram f\u00f6rdelarna med en kontrollerad devalvering, som skulle kunna st\u00e4rka landets anstr\u00e4ngda finanser genom att \u00f6ka budgetint\u00e4kterna i lokal valuta.<\/p>\n<p>Inom Ukrainas centralbank har man v\u00e4nt sig emot f\u00f6rslaget, d\u00e5 det kan elda p\u00e5 s\u00e5v\u00e4l inflationen som missn\u00f6je bland inv\u00e5narna, enligt k\u00e4llorna.<\/p>\n<p>Omni \u00e4r politiskt obundna och oberoende. Vi str\u00e4var efter att ge fler perspektiv p\u00e5 nyheterna. Har du fr\u00e5gor eller synpunkter kring v\u00e5r rapportering? <a href=\"https:\/\/omni.se\/kallor-imf-vill-att-ukraina-devalverar-infor-lanesamtal\/a\/mailto:redaktion@omni.se\" class=\"ArticleActions_contactLink__W2F1M\" rel=\"nofollow noopener\" target=\"_blank\">Kontakta redaktionen<\/a><\/p>\n","protected":false},"excerpt":{"rendered":"IMF vill att Ukrainas centralbank devalverar landets valuta hryvnian inf\u00f6r de kommande samtalen om ett l\u00e5n, uppger k\u00e4llor&hellip;\n","protected":false},"author":2,"featured_media":59049,"comment_status":"","ping_status":"","sticky":false,"template":"","format":"standard","meta":{"footnotes":""},"categories":[65],"tags":[72,70,71,267,5578,5579,269,34,31,33,32,30,263,3494],"class_list":{"0":"post-59048","1":"post","2":"type-post","3":"status-publish","4":"format-standard","5":"has-post-thumbnail","7":"category-ekonomi","8":"tag-business","9":"tag-economy","10":"tag-ekonomi","11":"tag-europa","12":"tag-imf","13":"tag-internationella-valutafonden","14":"tag-ryska-invasionen","15":"tag-se","16":"tag-svenska","17":"tag-sverige","18":"tag-sweden","19":"tag-swedish","20":"tag-ukraina","21":"tag-valuta"},"share_on_mastodon":{"url":"","error":""},"_links":{"self":[{"href":"https:\/\/www.europesays.com\/se\/wp-json\/wp\/v2\/posts\/59048","targetHints":{"allow":["GET"]}}],"collection":[{"href":"https:\/\/www.europesays.com\/se\/wp-json\/wp\/v2\/posts"}],"about":[{"href":"https:\/\/www.europesays.com\/se\/wp-json\/wp\/v2\/types\/post"}],"author":[{"embeddable":true,"href":"https:\/\/www.europesays.com\/se\/wp-json\/wp\/v2\/users\/2"}],"replies":[{"embeddable":true,"href":"https:\/\/www.europesays.com\/se\/wp-json\/wp\/v2\/comments?post=59048"}],"version-history":[{"count":0,"href":"https:\/\/www.europesays.com\/se\/wp-json\/wp\/v2\/posts\/59048\/revisions"}],"wp:featuredmedia":[{"embeddable":true,"href":"https:\/\/www.europesays.com\/se\/wp-json\/wp\/v2\/media\/59049"}],"wp:attachment":[{"href":"https:\/\/www.europesays.com\/se\/wp-json\/wp\/v2\/media?parent=59048"}],"wp:term":[{"taxonomy":"category","embeddable":true,"href":"https:\/\/www.europesays.com\/se\/wp-json\/wp\/v2\/categories?post=59048"},{"taxonomy":"post_tag","embeddable":true,"href":"https:\/\/www.europesays.com\/se\/wp-json\/wp\/v2\/tags?post=59048"}],"curies":[{"name":"wp","href":"https:\/\/api.w.org\/{rel}","templated":true}]}}