{"id":59053,"date":"2025-10-19T09:13:27","date_gmt":"2025-10-19T09:13:27","guid":{"rendered":"https:\/\/www.europesays.com\/se\/59053\/"},"modified":"2025-10-19T09:13:27","modified_gmt":"2025-10-19T09:13:27","slug":"kimby-om-kylington-darfor-vilade-bjorck","status":"publish","type":"post","link":"https:\/\/www.europesays.com\/se\/59053\/","title":{"rendered":"Kimby om Kylington \u2013 d\u00e4rf\u00f6r vilade Bj\u00f6rck"},"content":{"rendered":"<p class=\"\">Djurg\u00e5rden kom precis som efter 2\u201311 mot Fr\u00f6lunda tillbaka starkt mot Bryn\u00e4s efter 3\u20137 i baken mot HV71.<\/p>\n<p class=\"\">Med Magnus Hellberg tillbaka i kassen vann Djurg\u00e5rden med 3\u20131 mot G\u00e4vlelaget p\u00e5 Hovet.<\/p>\n<p class=\"\">Och Djurg\u00e5rdstr\u00e4naren Robert Kimby gillade det han s\u00e5g av Magnus Hellberg.<\/p>\n<p class=\"\">\u2013 Jag tycker att han \u00e4r stabil. I andra perioden har vi x antal minuter d\u00e4r de f\u00e5r skapa f\u00f6r m\u00e5nga bra chanser p\u00e5 oss. Han kliver upp stort p\u00e5 ett fril\u00e4ge (Nicklas B\u00e4ckstr\u00f6m) och ett par starka till. D\u00e4r, han h\u00e5ller inte kvar oss i matchen f\u00f6r vi leder, men han s\u00e4tter oss i en bra situation (2\u20130-ledning) inf\u00f6r tredje. En bra match av honom, s\u00e4ger Kimby till Hockeynews.<\/p>\n<p class=\"\">F\u00f6re nedsl\u00e4pp blev v\u00e4rvningen av f\u00f6rra NHL-backen Oliver Kylington, 28, officiell.<\/p>\n<p class=\"\"><strong>Var det en \u00f6verraskning att l\u00e4get att v\u00e4rva Oliver Kylington d\u00f6k upp?<\/strong><\/p>\n<p class=\"\">\u2013 Ja, det ska man v\u00e4l \u00e4nd\u00e5 s\u00e4ga. Och att det gick att l\u00f6sa s\u00e5 pass smidigt. Det \u00e4r vi n\u00f6jda med.<\/p>\n<p>&#8221;Hj\u00e4lpa honom att v\u00e4xa in i det snabbt&#8221;<\/p>\n<p class=\"\"><strong>Hur menar du med smidigt?<\/strong><\/p>\n<p class=\"\">\u2013 Vi f\u00e5r hit en spelare som verkligen ville spela i Djurg\u00e5rden. Om man s\u00e4ger s\u00e5. Vilket vi tycker \u00e4r extra kul. Sedan vet vi att vi f\u00e5r en bra spelare. Vi ska hj\u00e4lpa honom att v\u00e4xa in i det s\u00e5 pass snabbt som m\u00f6jligt. Vi har spelat 12\u201313 matcher in i serien och han har inte lirat \u00e4n. Vi k\u00e4nner oss trygga med att det kommer att bli en bra resa. Samtidigt \u00e4r det bara upp p\u00e5 h\u00e4sten och k\u00f6ra p\u00e5 en g\u00e5ng, s\u00e4ger Kimby.<\/p>\n<p><img alt=\"Oliver Kylington\" loading=\"lazy\" decoding=\"async\" data-nimg=\"fill\" class=\"object-cover\" style=\"position:absolute;height:100%;width:100%;left:0;top:0;right:0;bottom:0;color:transparent\"   src=\"https:\/\/www.europesays.com\/se\/wp-content\/uploads\/2025\/10\/mZhM1aeCZscdX6D34KmzoNg6wQF60vPXfGiH1lnc.jpg\"\/>Kylington presenterades av Djurg\u00e5rden p\u00e5 Hovet. <\/p>\n<p class=\"\"><strong>N\u00e5gon del av spelet d\u00e4r han kommer att vara extra bidragande?<\/strong><\/p>\n<p class=\"\">\u2013 Det \u00e4r en v\u00e4ldigt bra spelare med sin erfarenhet och det han har varit med om. Bra skridsko\u00e5kare och puckb\u00e4rare s\u00e5 vi hoppas och tror att vi f\u00e5r en back som kommer att spela i b\u00e5da zoner och hj\u00e4lpa oss driva spelet fram i banan.<\/p>\n<p class=\"\"><strong>Djurg\u00e5rden har haft sv\u00e5rt i boxplay \u2013 blir han en extrahj\u00e4lp d\u00e4r?<\/strong><\/p>\n<p class=\"\">\u2013 Vi ser att han ska kunna bidra och st\u00e4rka de flesta delar i v\u00e5rt spel, s\u00e5 absolut. Det hoppas vi p\u00e5.<\/p>\n<p class=\"\">F\u00f6r f\u00f6rsta g\u00e5ngen den h\u00e4r SHL-s\u00e4songen spelade inte gallerprydde forwarden Viggo Bj\u00f6rck, 17.<\/p>\n<p class=\"\">Han hade inte missat n\u00e5gon av de elva f\u00f6rsta matcherna. Men mot HV71 var han i fj\u00e4rdekedjan. Mot Bryn\u00e4s togs hans plats d\u00e4r av Arvid Costmar, som var extraforward mot HV.<\/p>\n<p class=\"\">Kimby f\u00f6rklarar varf\u00f6r Bj\u00f6rck inte spelade:<\/p>\n<p class=\"\">\u2013 Det \u00e4r s\u00e5 h\u00e4r, n\u00e4r man \u00e4r s\u00e5 pass ung som han \u00e4r, han har gjort j\u00e4ttem\u00e5nga bra matcher. Men man spelar en lite annan hockey n\u00e4r man kliver upp fr\u00e5n juniorhockeyn. Rent krasst s\u00e5 var det att f\u00e5 ge honom tv\u00e5 matcher i juniorlaget d\u00e4r han f\u00e5r ha v\u00e4ldigt mycket puck och de bitarna.<\/p>\n<p><img alt=\"Viggo Bj\u00f6rck\" loading=\"lazy\" decoding=\"async\" data-nimg=\"fill\" class=\"object-cover\" style=\"position:absolute;height:100%;width:100%;left:0;top:0;right:0;bottom:0;color:transparent\"   src=\"https:\/\/www.europesays.com\/se\/wp-content\/uploads\/2025\/10\/fqmeT2EfSVGw5wCvOoa4C7oDFOvtLlf5xxPtDh0q.jpg\"\/>Viggo Bj\u00f6rck har spelat till sig ett rookiekontrakt med DIF. <\/p>\n<p class=\"\">Viggo Bj\u00f6rck spelar center p\u00e5 juniorniv\u00e5. I SHL har han varit ytterforward i Djurg\u00e5rden.<\/p>\n<p>F\u00e5r samma v\u00e4g in som Frondell<\/p>\n<p class=\"\">\u2013 Nu har han varit bra p\u00e5 det och har haft puck och har f\u00e5tt spela powerplay h\u00e4r ocks\u00e5, men det \u00e4r viktigt f\u00f6r oss att man f\u00e5r g\u00f6ra den resan n\u00e4r man f\u00e5r ha den utvecklingen och inte f\u00e5r offra n\u00e5n del av sitt spel n\u00e4r man ska bli b\u00e4ttre hela tiden. Lite som vi resonerade med Anton (Frondell) f\u00f6rra \u00e5ret ocks\u00e5.<\/p>\n<p class=\"\">P\u00e5 tal om 18-\u00e5rige Frondell, s\u00e5 var han lite anonym mot Bryn\u00e4s och fick n\u00f6ja sig med lite drygt elva minuter p\u00e5 isen.<\/p>\n<p class=\"\">\u2013\u00a0Ibland har man en bra dag, ibland har man en d\u00e5lig dag. D\u00e5 f\u00e5r n\u00e5n annan l\u00f6sa ut dig. Det \u00e4r ju s\u00e5 idrott \u00e4r. Jag kan h\u00e5lla med dig. Samtidigt g\u00f6r han jobbet utan pucken och grundarbetet som m\u00e5ste g\u00f6ras hela tiden. Det viktiga f\u00f6r oss \u00e4r att, oavsett vem det \u00e4r, har man inte sin b\u00e4sta dag, s\u00e5 ska man g\u00f6ra grunden, s\u00e4ger Robert Kimby.<\/p>\n<p><a class=\"block my-8\" href=\"https:\/\/hockeynews.se\/hockeynewsguiden\/djurgardens-if\" rel=\"nofollow noopener\" target=\"_blank\"><img alt=\"\" loading=\"lazy\" width=\"1080\" height=\"200\" decoding=\"async\" data-nimg=\"1\" style=\"color:transparent\" src=\"https:\/\/www.europesays.com\/se\/wp-content\/uploads\/2025\/09\/FkvZhfAleyQjbxIl4S6QSI9tnRaRSVIQp3z7qVSO.png\"\/><\/a>Kommentarer TopprankadeSenaste\u00c4ldstaTrendar<\/p>\n<p>Skaffa PLUS f\u00f6r att kommentera<\/p>\n<p>Med en aktiv PLUS-prenumeration kan du kommentera, svara p\u00e5 andra och gilla kommentarer.<\/p>\n<p><a class=\"btn-primary btn-small\" href=\"https:\/\/hockeynews.se\/plus\" rel=\"nofollow noopener\" target=\"_blank\">Skaffa PLUS<\/a><\/p>\n<p>Halva priset p\u00e5 TV4 Play Sport Hockey \u2013 <a class=\"text-yellow underline\" href=\"https:\/\/www.tv4play.se\/kampanj\/hockeynewshockey\" rel=\"nofollow noopener\" target=\"_blank\">f\u00e5 kod med Hockeynews h\u00e4r!<\/a> (Annons)<\/p>\n","protected":false},"excerpt":{"rendered":"Djurg\u00e5rden kom precis som efter 2\u201311 mot Fr\u00f6lunda tillbaka starkt mot Bryn\u00e4s efter 3\u20137 i baken mot HV71.&hellip;\n","protected":false},"author":2,"featured_media":59054,"comment_status":"","ping_status":"","sticky":false,"template":"","format":"standard","meta":{"footnotes":""},"categories":[68],"tags":[34,111,110,31,33,32,30],"class_list":{"0":"post-59053","1":"post","2":"type-post","3":"status-publish","4":"format-standard","5":"has-post-thumbnail","7":"category-sport","8":"tag-se","9":"tag-sport","10":"tag-sports","11":"tag-svenska","12":"tag-sverige","13":"tag-sweden","14":"tag-swedish"},"share_on_mastodon":{"url":"","error":""},"_links":{"self":[{"href":"https:\/\/www.europesays.com\/se\/wp-json\/wp\/v2\/posts\/59053","targetHints":{"allow":["GET"]}}],"collection":[{"href":"https:\/\/www.europesays.com\/se\/wp-json\/wp\/v2\/posts"}],"about":[{"href":"https:\/\/www.europesays.com\/se\/wp-json\/wp\/v2\/types\/post"}],"author":[{"embeddable":true,"href":"https:\/\/www.europesays.com\/se\/wp-json\/wp\/v2\/users\/2"}],"replies":[{"embeddable":true,"href":"https:\/\/www.europesays.com\/se\/wp-json\/wp\/v2\/comments?post=59053"}],"version-history":[{"count":0,"href":"https:\/\/www.europesays.com\/se\/wp-json\/wp\/v2\/posts\/59053\/revisions"}],"wp:featuredmedia":[{"embeddable":true,"href":"https:\/\/www.europesays.com\/se\/wp-json\/wp\/v2\/media\/59054"}],"wp:attachment":[{"href":"https:\/\/www.europesays.com\/se\/wp-json\/wp\/v2\/media?parent=59053"}],"wp:term":[{"taxonomy":"category","embeddable":true,"href":"https:\/\/www.europesays.com\/se\/wp-json\/wp\/v2\/categories?post=59053"},{"taxonomy":"post_tag","embeddable":true,"href":"https:\/\/www.europesays.com\/se\/wp-json\/wp\/v2\/tags?post=59053"}],"curies":[{"name":"wp","href":"https:\/\/api.w.org\/{rel}","templated":true}]}}