{"id":59055,"date":"2025-10-19T09:14:22","date_gmt":"2025-10-19T09:14:22","guid":{"rendered":"https:\/\/www.europesays.com\/se\/59055\/"},"modified":"2025-10-19T09:14:22","modified_gmt":"2025-10-19T09:14:22","slug":"mina-forhallanden-var-bara-kaos","status":"publish","type":"post","link":"https:\/\/www.europesays.com\/se\/59055\/","title":{"rendered":"\u201dMina f\u00f6rh\u00e5llanden var bara kaos\u201d"},"content":{"rendered":"<p>Veronica Maggio l\u00e5ngfilmsdebuterar i h\u00f6st med romantiska dramat \u201d7 steg\u201d.<\/p>\n<p>Po\u00e4ngen? Bland annat att b\u00e4ttre begripa det h\u00e4r med k\u00e4rlek:<\/p>\n<p>\u2013 Mina f\u00f6rh\u00e5llanden var bara kaos. Jag f\u00f6rstod heller inte vad jag gjorde f\u00f6r fel, s\u00e4ger hon.<\/p>\n<p><img   alt=\"\"\/><\/p>\n<p>Veronica Maggio \u00e4r aktuell med en ny film.<\/p>\n<p>Foto: Caisa Rasmussen\/TT \/ TT NYHETSBYR\u00c5N<\/p>\n<p>\u00d6ppna bild i helsk\u00e4rm<img loading=\"lazy\"   alt=\"\"\/><\/p>\n<p>Trion under premi\u00e4ren.<\/p>\n<p>Foto: LEIF WIKBERG<\/p>\n<p>\u00d6ppna bild i helsk\u00e4rm<img loading=\"lazy\"   alt=\"\"\/><\/p>\n<p>Veronica Maggio.<\/p>\n<p>Foto: LEIF WIKBERG<\/p>\n<p>\u00d6ppna bild i helsk\u00e4rm<img loading=\"lazy\"   alt=\"\"\/><\/p>\n<p>Hon debuterar som sk\u00e5despelare.<\/p>\n<p>Foto: Jessica Gow \/ TT \/ TT NYHETSBYR\u00c5N<\/p>\n<p>\u00d6ppna bild i helsk\u00e4rm<\/p>\n<p>Egentligen s\u00e5 var det en gemensam musikvideo som f\u00f6rde artisten <a href=\"https:\/\/www.expressen.se\/tagg\/person\/veronica-maggio\/\" class=\"\" rel=\"nofollow noopener\" target=\"_blank\">Veronica Maggio<\/a> och regiss\u00f6ren Andreas \u00d6hman till Los Angeles f\u00f6r n\u00e4stan tio \u00e5r sen. Men en kv\u00e4ll b\u00f6rjade de krafsa ned id\u00e9er om n\u00e5got st\u00f6rre p\u00e5 en barservett, och ur det spirade tanken p\u00e5 att ber\u00e4tta om k\u00e4rlek p\u00e5 ett lite eget s\u00e4tt.\u00a0<\/p>\n<p>Det l\u00e5ter eventuellt enkelt, men f\u00e5 barservetter \u00f6verlever hela v\u00e4gen till l\u00e5ngfilm, och att \u201d7 steg\u201d faktiskt gjort det, tror Veronica beror p\u00e5 jobbkemi och envishet:<\/p>\n<p>\u2013 Vi \u00e4r b\u00e5da tv\u00e5 lite gr\u00e4vlingar. Vi sl\u00e4pper aldrig taget om ett projekt.<\/p>\n<p>\u2013 Gr\u00e4vlingar? skrattar Andreas intill.<\/p>\n<p>\u2013 Ja, att de inte sl\u00e4pper taget f\u00f6rr\u00e4n benen krasar. De \u00e4r h\u00e5rdhudade. Inget kan stoppa en gr\u00e4vling!<\/p>\n<p>Mer om filmen &#8221;7 steg&#8221;<\/p>\n<p>\u2022 \u00c4r ett svenskt romantiskt drama som f\u00e5r biopremi\u00e4r \u00f6ver hela landet den 17\/10.<\/p>\n<p>\u2022 Filmen \u00e4r gjord efter ett manus av Andreas \u00d6hman och Veronica Maggio.<\/p>\n<p>\u2022 I huvudrollerna som k\u00e4rleksparet ser vi Veronica Maggio och Joel Spira (Guldbaggebel\u00f6nade f\u00f6r \u201dSyndabocken\u201d 2024)<\/p>\n<p>\u2022 I \u00f6vriga roller finns Liv Mj\u00f6nes, Filip Berg och Marika Lagercrantz.<\/p>\n<p>\u2022 Andreas \u00d6hman som st\u00e5r f\u00f6r regin slog igenom 2010 med flerfaldigt Guldbaggenominerade \u201dI rymden finns inga k\u00e4nslor\u201d som \u00e4ven blev svenskt Oscarsbidrag. Hans senaste l\u00e5ngfilm var \u201dEn dag kommer allt det h\u00e4r bli ditt\u201d (2023) som nominerades till tv\u00e5 Guldbaggar. Andreas har \u00e4ven jobbat med musikvideos inte bara f\u00f6r Veronica Maggio, utan \u00e4ven artister som Mando Diao och Tove Lo.<\/p>\n<p>\u2022Veronica Maggio \u00e4r en av Sveriges st\u00f6rsta artister med en tjugo \u00e5r l\u00e5ng karri\u00e4r bakom sig. F\u00f6r tre \u00e5r sen blev hon f\u00f6rsta artist n\u00e5gonsin att med en l\u00e5tkatalog p\u00e5 svenska n\u00e5 \u00f6ver en miljard streams p\u00e5 Spotify. Till hitsen h\u00f6r l\u00e5tar som \u201dJag kommer\u201d, \u201dM\u00e5ndagsbarn\u201d, \u201dSatan i gatan\u201d, \u201dV\u00e4lkommen in\u201d och \u201d17 \u00e5r\u201d. Hon sl\u00e4ppte nyligen f\u00f6rsta delen av sitt \u00e5ttonde album \u201dSciura\u201d.<\/p>\n<p>\u2022 P\u00e5 relationsplanet s\u00e5 har Andreas, 40, flickv\u00e4n sen fyra \u00e5r tillbaka, samt ett barn, medan Veronica, 44, gifte sig med Hoffmaestro-medlemmen Nils Tull 2021. De har tv\u00e5 barn ihop.<\/p>\n<p>Visa mer\u201dF\u00f6rstod inte vad jag gjorde f\u00f6r fel\u201d<\/p>\n<p><strong>P\u00e5 Filmhuset i somras sa Veronica att ni var f\u00f6r gamla f\u00f6r att vara s\u00e5 d\u00e5liga p\u00e5 att ha en relation. Att filmen f\u00f6ddes ur den k\u00e4nslan?<\/strong><\/p>\n<p>\u2013 Ja, jag refererade till hur jag var i b\u00f6rjan av den h\u00e4r processen. Nu \u00e4r jag mycket mer stabil. Men d\u00e5 upplevde jag att v\u00e4ldigt m\u00e5nga runtomkring mig hade ett rimligt och h\u00e4lsosamt k\u00e4rleksliv, och mina f\u00f6rh\u00e5llanden var bara kaos. Jag f\u00f6rstod heller inte vad jag gjorde f\u00f6r fel.<\/p>\n<p>\u2013 D\u00e5 k\u00e4nns det ju intressant att skriva om. F\u00f6r att det finns n\u00e5got man vill ha svar p\u00e5 eller \u00e4r nyfiken p\u00e5.<\/p>\n<p><strong>S\u00e5 har er filmskapande relation varit friktionsfri?<\/strong><\/p>\n<p>\u2013 Vi har inte varit ov\u00e4nner, \u00e4ven om saker runtomkring ibland varit kaos. I b\u00f6rjan var det sv\u00e5rt att f\u00e5 finansiering, och det var frustrerande, s\u00e4ger Andreas.<\/p>\n<p><strong>Men hade inte du, Veronica, mejlat en lista till Andreas med saker du ville \u00e4ndra i klippningen?<\/strong><\/p>\n<p>\u2013 Ja, det var v\u00e4l kanske enda g\u00e5ngen som du blev irriterad p\u00e5 mig. Men av en god anledning, f\u00e5r man v\u00e4l s\u00e4ga. Det var ju s\u00e5 m\u00e5nga \u00e5sikter och du skrev till mig att \u201djag orkar inte med att du g\u00f6r s\u00e5 h\u00e4r \u2013 det k\u00e4nns som att du r\u00e4ttar en l\u00e4xa\u201d.<\/p>\n<p>\u2013 Sen har ju du ofta r\u00e4tt i dina \u00e5sikter, svarar Andreas.<\/p>\n<p>\u2013 Det handlade mer om att man i vissa skeenden inte kan g\u00e5 in i detaljer n\u00e4r man f\u00f6rs\u00f6ker f\u00e5 ihop helheten.<\/p>\n<p><img loading=\"lazy\"   alt=\"\"\/><\/p>\n<p>Veronica Maggio, Andreas \u00d6hman och Joel Spira.<\/p>\n<p>Foto: Caisa Rasmussen\/TT \/ TT NYHETSBYR\u00c5N<\/p>\n<p>\u00d6ppna bild i helsk\u00e4rm<\/p>\n<p><strong>Aprop\u00e5 kaos. Blev inte ni borteskorterade av polis under inspelningen?<\/strong><\/p>\n<p>\u2013 Ja, det n\u00e4r vi var i Paris i ett omr\u00e5de som jag inte upplevde som ruffigt. Men tydligen hade det varit en g\u00e4nguppg\u00f6relse d\u00e4r dagarna innan, och nu hade de kommit tillbaks. N\u00e5gon hade vapen, och s\u00e5, s\u00e4ger Veronica.<\/p>\n<p>Annons<\/p>\n<p>\u2013 Vi hade ett s\u00e4kerhetsteam i Paris som sk\u00f6tte allt och pl\u00f6tsligt var det bara \u201dwe have to go now\u201d och s\u00e5 k\u00f6rdes vi d\u00e4rifr\u00e5n, s\u00e4ger Andreas och forts\u00e4tter:<\/p>\n<p>\u2013 Vi s\u00e5g inget, men han som var ansvarig s\u00e5g ganska skakad ut.<\/p>\n<p><strong>N\u00e4r blev det klart att du inte bara skulle skriva manus med Andreas, utan \u00e4ven g\u00f6ra huvudrollen, Veronica?<\/strong><\/p>\n<p>\u2013 Det var v\u00e4l alltid v\u00e5r tanke. Men vi gjorde ju flera tester.\u00a0<\/p>\n<p><strong>Ocks\u00e5 f\u00f6r att du skulle veta vad du gav dig in p\u00e5?<\/strong><\/p>\n<p>\u2013 Ja, absolut. Men det k\u00e4ndes \u00e4nd\u00e5 bra.<\/p>\n<p>\u201dSe ut som helvete ibland\u201d<\/p>\n<p><strong>Har det k\u00e4nts som ett risktagande att som erk\u00e4nd artist ge sig ut p\u00e5 ok\u00e4nd mark?<\/strong><\/p>\n<p>\u2013 Jag k\u00e4nner att jag beh\u00f6ver det! \u00a0Det \u00e4r kul och utvecklande att inte st\u00e5 och g\u00f6ra samma sak. Men egentligen var det inte s\u00e5 \u00f6verlagt, utan det bara blev s\u00e5. Det har varit j\u00e4ttekul och sv\u00e5rt<\/p>\n<p><strong>M\u00e5nga scener \u00e4r ju s\u00e5 n\u00e4ra med stora k\u00e4nslor. Man \u00e4r inte sitt snyggaste jag d\u00e5?<\/strong><\/p>\n<p>\u2013 Nej, nej. Men det fick jag ju bjuda p\u00e5 \u2013 att se ut som helvete ibland. Haha.\u00a0<\/p>\n<p>\u2013 Men det \u00e4r ju bara s\u00e5 det \u00e4r. Det blir inte s\u00e5 kul att titta p\u00e5 om allt \u00e4r perfekt. Det \u00e4r ingen tv\u00e5 timmar l\u00e5ng musikvideo. Men det kan vara lite befriande ocks\u00e5 \u2013 att slippa leva upp till det som inte g\u00e5r att leva upp till.<\/p>\n<p><strong>Hur fick ni ihop det med l\u00e5ngfilm, musik och turnerande samtidigt?<\/strong><\/p>\n<p>\u2013 Det var ju dagar d\u00e5 du \u00e5kte fr\u00e5n spelning till inspelning och s\u00e5 till en annan spelning, svarar Andreas.<\/p>\n<p>\u2013 Det var ju r\u00e4tt tufft ett tag. Ett pusslande. Men som tur var gick det bra.\u00a0<\/p>\n<p>\u2013 Ja! Jag tror dock aldrig jag har sovit s\u00e5 lite som n\u00e4r vi var p\u00e5 en inspelningsplats, jag inte vill spoila. Det var l\u00e5nga dagar!<\/p>\n<p><img loading=\"lazy\"   alt=\"\"\/><\/p>\n<p>Veronica Maggio under premi\u00e4ren av filmen.<\/p>\n<p>Foto: LEIF WIKBERG<\/p>\n<p>\u00d6ppna bild i helsk\u00e4rm<\/p>\n<blockquote><p>Vi har ju b\u00e5da g\u00e5tt ur och sen in i en relation under den h\u00e4r tiden<\/p><\/blockquote>\n<p><strong>Har det varit terapeutiskt f\u00f6r er att f\u00e5 g\u00f6ra den h\u00e4r filmen. Ni som k\u00e4nde er f\u00f6r gamla f\u00f6r att vara s\u00e5 d\u00e5liga p\u00e5 relationer\u2026<\/strong><\/p>\n<p>\u2013 Vi har ju b\u00e5da g\u00e5tt ur och sen in i en relation under den h\u00e4r tiden, s\u00e4ger Andreas.<\/p>\n<p>\u2013 S\u00e5 n\u00e5got har vi kanske l\u00e4rt oss om oss sj\u00e4lva p\u00e5 v\u00e4gen. Sen om det \u00e4r filmens f\u00f6rtj\u00e4nst vet jag inte. Men jag och min tjej tr\u00e4ffades f\u00f6r fyra \u00e5r sen, och hon var fast besluten att jag testade de h\u00e4r faserna eller sju k\u00e4rleksstegen fr\u00e5n filmen p\u00e5 henne f\u00f6r att se om teorin funkade. Som en f\u00f6rs\u00f6kskanin. Haha.<\/p>\n<p><strong>Har du f\u00e5tt h\u00f6ra n\u00e5got s\u00e5nt, Veronica?<\/strong><\/p>\n<p>\u2013 Nej. Men jag tycker att allt skrivande \u00e4r ett slags terapi i dagboksform, \u00e4ven om det man skriver inte \u00e4r p\u00e5 riktigt.<\/p>\n<p><strong>S\u00e5 ska ni g\u00f6ra mer film ihop?<\/strong><\/p>\n<p>\u2013 Vi har pratat lite om det, men f\u00f6r egen del vill jag landa i det h\u00e4r f\u00f6rst, s\u00e4ger Andreas, och v\u00e4nder sig mot Veronica:<\/p>\n<p>\u2013 Ja, jag har alltid tyckt det \u00e4r hemskt att vara som en operas\u00e5ngerska med ett schema fram till 2028. Man m\u00e5ste till\u00e5ta sig att inte ha n\u00e5got j\u00e4rn i elden, och sen dr\u00f6mma fram\u00e5t.<\/p>\n<p><img loading=\"lazy\"   alt=\"\"\/><\/p>\n<p>Joel Spira och Veronica Maggio i den nya filmen.<\/p>\n<p>\u00d6ppna bild i helsk\u00e4rm<img loading=\"lazy\"   alt=\"\"\/><\/p>\n<p>De g\u00e5r igenom k\u00e4rlekens sju steg i filmen.<\/p>\n<p>\u00d6ppna bild i helsk\u00e4rm<\/p>\n","protected":false},"excerpt":{"rendered":"Veronica Maggio l\u00e5ngfilmsdebuterar i h\u00f6st med romantiska dramat \u201d7 steg\u201d. Po\u00e4ngen? Bland annat att b\u00e4ttre begripa det h\u00e4r&hellip;\n","protected":false},"author":2,"featured_media":59056,"comment_status":"","ping_status":"","sticky":false,"template":"","format":"standard","meta":{"footnotes":""},"categories":[67],"tags":[104,4151,34,770,31,33,32,30,105],"class_list":{"0":"post-59055","1":"post","2":"type-post","3":"status-publish","4":"format-standard","5":"has-post-thumbnail","7":"category-underhallning","8":"tag-entertainment","9":"tag-person-veronica-maggio","10":"tag-se","11":"tag-sections-film","12":"tag-svenska","13":"tag-sverige","14":"tag-sweden","15":"tag-swedish","16":"tag-underhallning"},"share_on_mastodon":{"url":"","error":""},"_links":{"self":[{"href":"https:\/\/www.europesays.com\/se\/wp-json\/wp\/v2\/posts\/59055","targetHints":{"allow":["GET"]}}],"collection":[{"href":"https:\/\/www.europesays.com\/se\/wp-json\/wp\/v2\/posts"}],"about":[{"href":"https:\/\/www.europesays.com\/se\/wp-json\/wp\/v2\/types\/post"}],"author":[{"embeddable":true,"href":"https:\/\/www.europesays.com\/se\/wp-json\/wp\/v2\/users\/2"}],"replies":[{"embeddable":true,"href":"https:\/\/www.europesays.com\/se\/wp-json\/wp\/v2\/comments?post=59055"}],"version-history":[{"count":0,"href":"https:\/\/www.europesays.com\/se\/wp-json\/wp\/v2\/posts\/59055\/revisions"}],"wp:featuredmedia":[{"embeddable":true,"href":"https:\/\/www.europesays.com\/se\/wp-json\/wp\/v2\/media\/59056"}],"wp:attachment":[{"href":"https:\/\/www.europesays.com\/se\/wp-json\/wp\/v2\/media?parent=59055"}],"wp:term":[{"taxonomy":"category","embeddable":true,"href":"https:\/\/www.europesays.com\/se\/wp-json\/wp\/v2\/categories?post=59055"},{"taxonomy":"post_tag","embeddable":true,"href":"https:\/\/www.europesays.com\/se\/wp-json\/wp\/v2\/tags?post=59055"}],"curies":[{"name":"wp","href":"https:\/\/api.w.org\/{rel}","templated":true}]}}