{"id":59075,"date":"2025-10-19T09:30:07","date_gmt":"2025-10-19T09:30:07","guid":{"rendered":"https:\/\/www.europesays.com\/se\/59075\/"},"modified":"2025-10-19T09:30:07","modified_gmt":"2025-10-19T09:30:07","slug":"recension-av-kristina-fran-duvemala","status":"publish","type":"post","link":"https:\/\/www.europesays.com\/se\/59075\/","title":{"rendered":"Recension av \u201dKristina fr\u00e5n Duvem\u00e5la\u201d"},"content":{"rendered":"<p>Publicerad 19 okt 2025 kl 11.12<\/p>\n<p>Bj\u00f6rn och Bennys musikal \u201dKristina fr\u00e5n Duvem\u00e5la\u201d har f\u00f6r f\u00f6rsta g\u00e5ngen regisserats av n\u00e5gon annan \u00e4n originalets Lars Rudolfsson.<br \/>Gunilla Brodrej gr\u00e5ter floder under en fantastisk f\u00f6rest\u00e4llning p\u00e5 Tonhallen i Sundsvall.<\/p>\n<p><img   alt=\"\"\/><\/p>\n<p>Hani Arrabi och Tuva B Larsen.<\/p>\n<p>Foto: Lia Jacobi \/ Teater V\u00e4sternorrland<\/p>\n<p>\u00d6ppna bild i helsk\u00e4rm<img loading=\"lazy\"   alt=\"\"\/><\/p>\n<p>Tuva B Larsen som Kristina.<\/p>\n<p>Foto: Lia Jacobi \/ Teater V\u00e4sternorrland<\/p>\n<p>\u00d6ppna bild i helsk\u00e4rm<img loading=\"lazy\"   alt=\"\"\/><\/p>\n<p>Kristina Lindgren som Ulrika i V\u00e4sterg\u00f6hl, i bakgrunden Martin Mossberg som Brussander, i Teater V\u00e4sternorrland och Nordiska Kammarorkesterns upps\u00e4ttning av Kristina fr\u00e5n Duvem\u00e5la.<\/p>\n<p>Foto: Lia Jacobi \/ Teater V\u00e4sternorrland<\/p>\n<p>\u00d6ppna bild i helsk\u00e4rm<img loading=\"lazy\"   alt=\"\"\/><\/p>\n<p>Karl-Oskar (Hani Arrabi) och Kristina (Tuva B Larsen) gifter sig i Teater V\u00e4sternorrland och Nordiska Kammarorkesterns upps\u00e4ttning av Kristina fr\u00e5n Duvem\u00e5la.<\/p>\n<p>Foto: Lia Jacobi.<\/p>\n<p>\u00d6ppna bild i helsk\u00e4rm<\/p>\n<p><strong>RECENSION. <\/strong>\u00c4r det verkligen m\u00f6jligt att n\u00e5gon annan \u00e4n <strong>Peter J\u00f6back <\/strong>kan sjunga bravurnumret \u201dGuldet blev till sand\u201d?. B\u00f6r n\u00e5gon ens f\u00f6rs\u00f6ka ge sig p\u00e5 <strong>Helen Sj\u00f6holms <\/strong>gr\u00e5tgenerator \u201dDu m\u00e5ste finnas\u201d? Finns det \u00f6ver huvudtaget n\u00e5gon annan Karl-Oskar \u00e4n <strong>Anders Ekborg<\/strong>? Ja t\u00e4nka sig att det g\u00f6r det. Vilket faktiskt redan bevisades av ensemblen p\u00e5 Svenska teatern i Helsingfors 2012 d\u00e4r den lyckosamma resan med den reviderade musikalen b\u00f6rjade. Den version som nu <strong>Melker S\u00f6rensen<\/strong> regisserar i Sundsvall.<\/p>\n<p>Och vilken ensemble! Det verkar som att Sverige har fler musikalartister \u00e4n kontrollanter p\u00e5 tunnelbanan (f\u00f6r att ta en Stockholmsreferens). <strong>Simon Oscarssons<\/strong> Robert har verkligen stenkoll p\u00e5 r\u00f6sten och textens k\u00e4nslom\u00e4ssiga k\u00e4rna i den omskakande ber\u00e4ttelsen om Arvids d\u00f6d under den olycksaliga jakten p\u00e5 guld. Han f\u00e5r tag p\u00e5 betydelser som varit uppenbara l\u00e4nge, men pl\u00f6tsligt k\u00e4nns som nya.<\/p>\n<p><img loading=\"lazy\"   alt=\"\"\/><\/p>\n<p>Simon Oscarsson som Robert i Teater V\u00e4sternorrland och Nordiska Kammarorkesterns upps\u00e4ttning av Kristina fr\u00e5n Duvem\u00e5la.<\/p>\n<p>Foto: Lia Jacobi<\/p>\n<p>\u00d6ppna bild i helsk\u00e4rm<img loading=\"lazy\"   alt=\"\"\/><\/p>\n<p>Teater V\u00e4sternorrland och Nordiska Kammarorkesterns upps\u00e4ttning av Kristina fr\u00e5n Duvem\u00e5la.<\/p>\n<p>Foto: Lia Jacobi.<\/p>\n<p>\u00d6ppna bild i helsk\u00e4rm<\/p>\n<p>Texten (av <strong>Bj\u00f6rn Ulvaeus<\/strong>, <strong>Jan Mark<\/strong> och <strong>Lars Rudolfsson)<\/strong>, framtr\u00e4der \u00f6ver huvudtaget med ny sk\u00e4rpa och spelgl\u00e4djen \u00e4r genuin, man sjunger inte f\u00f6r att bl\u00e4nda (vanligt i musikalsammanhang) utan f\u00f6r att uttrycka n\u00e5got.<\/p>\n<p><strong>Tuva B Larsens <\/strong>Kristina<strong> <\/strong>\u00e4r fenomenal. Jag gr\u00e5ter som ett barn n\u00e4stan varje g\u00e5ng hon har ett solo vilket inte vill inte s\u00e4ga lite f\u00f6r en Sj\u00f6holm-dyrkare som mig. Och <strong>Hani Arrabis<\/strong> Karl-Oskar \u00e4r, f\u00f6rl\u00e5t men, i dubbel bem\u00e4rkelse den stiligaste Karl-Oskar som g\u00e5tt i ett par st\u00f6vlar. Vilken voice! Parets k\u00e4rlek och \u00e5tr\u00e5, musikalens r\u00f6da tr\u00e5d, \u00e4r s\u00e5 l\u00e4tt att tro p\u00e5. <strong>Kristina Lindgren <\/strong>g\u00f6r en Ulrika ur djupet av den kvinnliga erfarenheten. Faktum \u00e4r att det inte finns en enda felande l\u00e4nk i den h\u00e4r upps\u00e4ttningen. Ingen svajig insats utan det \u00e4r 24 karat hela tiden. Om jag skulle n\u00e4mna n\u00e5nting, under pistolhot, s\u00e5 \u00e4r det den fumliga hanteringen av ett visst t\u00e4cke, men det kan skyllas p\u00e5 premi\u00e4rnerver.\u00a0<\/p>\n<p>Tonhallens scen \u00e4r inte stor, men fullt spelbar, auditoriet \u00e4r anpassat f\u00f6r s\u00e5v\u00e4l kongresser som konserter, s\u00e5 jag har nog aldrig suttit s\u00e5 bekv\u00e4mt p\u00e5 en teaterf\u00f6rest\u00e4llning. Melker S\u00f6rensen, sj\u00e4lv en g\u00e5ng ett barn i originalupps\u00e4ttningen i Malm\u00f6, g\u00f6r sin \u201dKristina fr\u00e5n Duvem\u00e5la\u201d med stark och varm k\u00e4nsla f\u00f6r materialet, en k\u00e4nsla som nota bene inte stannar vid id\u00e9er utan fullkomligt v\u00e4ller ut fr\u00e5n scenen. K\u00f6rens koreografi tillf\u00f6r b\u00e5de f\u00f6rh\u00f6jning och dynamik till scenbilden. Nordiska kammarorkestern \u00e4r faktiskt r\u00e4tt makal\u00f6s, fr\u00e5n prologens hornsolo till finalens maffiga slutackord. Ett snilledrag i regin \u00e4r hanteringen av slutk\u00f6rens tema om hemmah\u00f6righet och fristad \u2013 en lika subtil som effektiv p\u00e5minnelse om v\u00e5r tids flyktingtragedier. D\u00e5 \u00e5ker n\u00e4sduken fram igen.\u00a0<\/p>\n<blockquote><p>S\u00e5 tyv\u00e4rr, Stockholm. Ingen turn\u00e9 \u00e4r planerad.<\/p><\/blockquote>\n<p><strong>Nina Franssons<\/strong> mobila scenografi f\u00f6rvandlas med ljusdesignens hj\u00e4lp s\u00f6ml\u00f6st fr\u00e5n Korpamoen till Ki-Chi-Saga. F\u00f6r f\u00e4rden \u00f6ver havet hissas skeppslyktor ner och sp\u00e4nns enkla segel. Mycket mer beh\u00f6vs inte n\u00e4r <strong>Benny Anderssons<\/strong> musik, fr\u00e5n visa till <strong>Verdi<\/strong>, st\u00e5r f\u00f6r det st\u00f6rre ber\u00e4ttandet. Men visst finns det rekvisita, en j\u00e4rnspis lyfts in och s\u00e4desf\u00e4lten skjuter i h\u00f6jden n\u00e4r Karl-Oskar \u00e4ntligen f\u00e5tt ordning p\u00e5 sitt hemman. Det sparas inte p\u00e5 krutet i denna kommunala samproduktion mellan Teater <a href=\"https:\/\/www.expressen.se\/tagg\/location\/vasternorrland\/\" class=\"\" rel=\"nofollow noopener\" target=\"_blank\">V\u00e4sternorrland<\/a> och Musik i V\u00e4sternorrland. Och det \u00e4r faktiskt, som Kristina och Ulrika (Larsen och Lindgren) sjunger s\u00e5 fint om sin v\u00e4nskap, i st\u00e4mmor fl\u00e4tade om varandra, \u201dett herrans underverk\u201d.<\/p>\n<p>S\u00e5 tyv\u00e4rr, Stockholm. Ingen turn\u00e9 \u00e4r planerad.<\/p>\n<p>MUSIKAL<\/p>\n<p>KRISTINA FR\u00c5N DUVEM\u00c5LA<br \/>Av Benny Andersson (musik) och Bj\u00f6rn Ulvaeus (text)<\/p>\n<p>Manus Lars Rudolfsson och Jan Mark<\/p>\n<p>Orkestrering Anders Eljas<\/p>\n<p>Regi och koreografi Melker S\u00f6rensen<\/p>\n<p>Scenografidesign Nina Fransson<\/p>\n<p>Kostymdesign Kajsa Larsson<\/p>\n<p>Ljusdesign Johanna Svensson<\/p>\n<p>Maskdesign Jessica Hedin<br \/>Nordiska kammarorkestern<\/p>\n<p>Dirigent Jonas Nydesj\u00f6<\/p>\n<p>Medverkande Tuva B Larsen, Hani Arrabi, Simon Oscarsson, Kristina Lindgren, Anders W\u00e4ngdahl, Ellen Hennig \u00d6hrstr\u00f6m, Alfred Tobiasson, Gisela Nilsson, Lovisa Lindberg Lekfalk, Martin Mossberg, Gustav Schriver, Erik Espinoza, Jakob Stadell, Sami Yousri, Anna Thiam<\/p>\n<p>Ensemble, korister, barn<br \/>Samproduktion mellan Teater V\u00e4sternorrland, Musik V\u00e4sternorrland och Sundsvalls kommun<br \/>Tonhallen, Teater V\u00e4sternorrland<\/p>\n<p>Speltid 3.40 t.<\/p>\n<p>Visa mer<\/p>\n<p>Gunilla Brodrej \u00e4r kritiker och redakt\u00f6r p\u00e5 Expressens kultursida.<\/p>\n","protected":false},"excerpt":{"rendered":"Publicerad 19 okt 2025 kl 11.12 Bj\u00f6rn och Bennys musikal \u201dKristina fr\u00e5n Duvem\u00e5la\u201d har f\u00f6r f\u00f6rsta g\u00e5ngen regisserats&hellip;\n","protected":false},"author":2,"featured_media":59076,"comment_status":"","ping_status":"","sticky":false,"template":"","format":"standard","meta":{"footnotes":""},"categories":[67],"tags":[104,2947,3755,4248,4145,34,2914,31,33,32,30,105],"class_list":{"0":"post-59075","1":"post","2":"type-post","3":"status-publish","4":"format-standard","5":"has-post-thumbnail","7":"category-underhallning","8":"tag-entertainment","9":"tag-location-vasternorrland","10":"tag-organization-expressen-kultur","11":"tag-person-benny-andersson","12":"tag-person-bjorn-ulvaeus","13":"tag-se","14":"tag-sections-scen","15":"tag-svenska","16":"tag-sverige","17":"tag-sweden","18":"tag-swedish","19":"tag-underhallning"},"share_on_mastodon":{"url":"","error":""},"_links":{"self":[{"href":"https:\/\/www.europesays.com\/se\/wp-json\/wp\/v2\/posts\/59075","targetHints":{"allow":["GET"]}}],"collection":[{"href":"https:\/\/www.europesays.com\/se\/wp-json\/wp\/v2\/posts"}],"about":[{"href":"https:\/\/www.europesays.com\/se\/wp-json\/wp\/v2\/types\/post"}],"author":[{"embeddable":true,"href":"https:\/\/www.europesays.com\/se\/wp-json\/wp\/v2\/users\/2"}],"replies":[{"embeddable":true,"href":"https:\/\/www.europesays.com\/se\/wp-json\/wp\/v2\/comments?post=59075"}],"version-history":[{"count":0,"href":"https:\/\/www.europesays.com\/se\/wp-json\/wp\/v2\/posts\/59075\/revisions"}],"wp:featuredmedia":[{"embeddable":true,"href":"https:\/\/www.europesays.com\/se\/wp-json\/wp\/v2\/media\/59076"}],"wp:attachment":[{"href":"https:\/\/www.europesays.com\/se\/wp-json\/wp\/v2\/media?parent=59075"}],"wp:term":[{"taxonomy":"category","embeddable":true,"href":"https:\/\/www.europesays.com\/se\/wp-json\/wp\/v2\/categories?post=59075"},{"taxonomy":"post_tag","embeddable":true,"href":"https:\/\/www.europesays.com\/se\/wp-json\/wp\/v2\/tags?post=59075"}],"curies":[{"name":"wp","href":"https:\/\/api.w.org\/{rel}","templated":true}]}}