{"id":59086,"date":"2025-10-19T09:50:22","date_gmt":"2025-10-19T09:50:22","guid":{"rendered":"https:\/\/www.europesays.com\/se\/59086\/"},"modified":"2025-10-19T09:50:22","modified_gmt":"2025-10-19T09:50:22","slug":"stenapersonal-uppmanades-stada-infor-kontroller","status":"publish","type":"post","link":"https:\/\/www.europesays.com\/se\/59086\/","title":{"rendered":"Stenapersonal uppmanades st\u00e4da inf\u00f6r kontroller"},"content":{"rendered":"<p>Stena recycling i Halmstad vilseledde Arbetsmilj\u00f6verket. Det menar anst\u00e4llda som vittnar om att de blivit tillsagda att st\u00e4da innan myndighetens \u00e5rliga kontroller av luftm\u00e4tningar, rapporterar P4 Halland. <\/p>\n<p>\u2013 D\u00e5 fick man st\u00e4da innan. Man g\u00f6r bara som de s\u00e4ger, uppger Peter Gustavsson som tidigare arbetat p\u00e5 Stena-avdelningen SLF. <\/p>\n<p>Roland Karlsson, produktionschef f\u00f6r verksamheten i Halmstad, vill inte kommentera uppgifterna men till\u00e4gger att luftm\u00e4tningarna ska spegla verksamhetens ordinarie verksamhet. <\/p>\n<p>Omni \u00e4r politiskt obundna och oberoende. Vi str\u00e4var efter att ge fler perspektiv p\u00e5 nyheterna. Har du fr\u00e5gor eller synpunkter kring v\u00e5r rapportering? <a href=\"https:\/\/omni.se\/stena-anstallda-uppmanades-stada-bort-farligt-damm-innan-kontroller\/a\/mailto:redaktion@omni.se\" class=\"ArticleActions_contactLink__W2F1M\" rel=\"nofollow noopener\" target=\"_blank\">Kontakta redaktionen<\/a><\/p>\n","protected":false},"excerpt":{"rendered":"Stena recycling i Halmstad vilseledde Arbetsmilj\u00f6verket. Det menar anst\u00e4llda som vittnar om att de blivit tillsagda att st\u00e4da&hellip;\n","protected":false},"author":2,"featured_media":59087,"comment_status":"","ping_status":"","sticky":false,"template":"","format":"standard","meta":{"footnotes":""},"categories":[12],"tags":[4679,5581,22,23,26,27,17,21,1887,120,24,25,28,29,15,16,18,34,5580,31,33,32,30,19,20],"class_list":{"0":"post-59086","1":"post","2":"type-post","3":"status-publish","4":"format-standard","5":"has-post-thumbnail","7":"category-sverige","8":"tag-arbetsmiljo","9":"tag-arbetsmiljoverket","10":"tag-breaking-news","11":"tag-breakingnews","12":"tag-featured-news","13":"tag-featurednews","14":"tag-headlines","15":"tag-huvudnyheter","16":"tag-industri-tillverkning","17":"tag-lag-ratt","18":"tag-latest-news","19":"tag-latestnews","20":"tag-main-news","21":"tag-mainnews","22":"tag-news","23":"tag-nyheter","24":"tag-rubriker","25":"tag-se","26":"tag-stena","27":"tag-svenska","28":"tag-sverige","29":"tag-sweden","30":"tag-swedish","31":"tag-top-stories","32":"tag-topstories"},"share_on_mastodon":{"url":"","error":""},"_links":{"self":[{"href":"https:\/\/www.europesays.com\/se\/wp-json\/wp\/v2\/posts\/59086","targetHints":{"allow":["GET"]}}],"collection":[{"href":"https:\/\/www.europesays.com\/se\/wp-json\/wp\/v2\/posts"}],"about":[{"href":"https:\/\/www.europesays.com\/se\/wp-json\/wp\/v2\/types\/post"}],"author":[{"embeddable":true,"href":"https:\/\/www.europesays.com\/se\/wp-json\/wp\/v2\/users\/2"}],"replies":[{"embeddable":true,"href":"https:\/\/www.europesays.com\/se\/wp-json\/wp\/v2\/comments?post=59086"}],"version-history":[{"count":0,"href":"https:\/\/www.europesays.com\/se\/wp-json\/wp\/v2\/posts\/59086\/revisions"}],"wp:featuredmedia":[{"embeddable":true,"href":"https:\/\/www.europesays.com\/se\/wp-json\/wp\/v2\/media\/59087"}],"wp:attachment":[{"href":"https:\/\/www.europesays.com\/se\/wp-json\/wp\/v2\/media?parent=59086"}],"wp:term":[{"taxonomy":"category","embeddable":true,"href":"https:\/\/www.europesays.com\/se\/wp-json\/wp\/v2\/categories?post=59086"},{"taxonomy":"post_tag","embeddable":true,"href":"https:\/\/www.europesays.com\/se\/wp-json\/wp\/v2\/tags?post=59086"}],"curies":[{"name":"wp","href":"https:\/\/api.w.org\/{rel}","templated":true}]}}