{"id":59089,"date":"2025-10-19T09:59:07","date_gmt":"2025-10-19T09:59:07","guid":{"rendered":"https:\/\/www.europesays.com\/se\/59089\/"},"modified":"2025-10-19T09:59:07","modified_gmt":"2025-10-19T09:59:07","slug":"sankt-krav-pa-kontantinsats-far-kritik-hogre-bopriser","status":"publish","type":"post","link":"https:\/\/www.europesays.com\/se\/59089\/","title":{"rendered":"S\u00e4nkt krav p\u00e5 kontantinsats f\u00e5r kritik: \u201dH\u00f6gre bopriser\u201d"},"content":{"rendered":"<p>Det \u00e4r inte s\u00e4kert att regeringens f\u00f6rslag att h\u00f6ja taket f\u00f6r hur stora l\u00e5n bostadsk\u00f6pare f\u00e5r ta och ett mildrat amorteringskrav leder till att fler kommer in p\u00e5 bostadsmarknaden. I\u202fst\u00e4llet riskerar \u00e5tg\u00e4rden driva upp bopriserna och \u00f6ka skulds\u00e4ttningen. Det varnar Riksbanken f\u00f6r, enligt TT. <\/p>\n<p>Konsumentverket \u00e4r inne p\u00e5 samma sp\u00e5r och menar att st\u00f6rre bol\u00e5n och stigande bopriser g\u00f6r hush\u00e5ll mer k\u00e4nsliga f\u00f6r r\u00e4nteh\u00f6jningar. Parterna, tillsammans med Riksg\u00e4lden, undrar varf\u00f6r regeringen inte har g\u00e5tt vidare med f\u00f6rslaget om ett s\u00e5 kallat skuldkvotstak som utg\u00e5r ifr\u00e5n hur stora l\u00e5n en familj kan ta i f\u00f6rh\u00e5llande till inkomsterna. <\/p>\n<p>Fackf\u00f6rbundet LO v\u00e4lkomnar d\u00e4remot f\u00f6rslaget, liksom Svenskt n\u00e4ringsliv och M\u00e4klarsamfundet och HSB. <\/p>\n<p>Omni \u00e4r politiskt obundna och oberoende. Vi str\u00e4var efter att ge fler perspektiv p\u00e5 nyheterna. Har du fr\u00e5gor eller synpunkter kring v\u00e5r rapportering? <a href=\"https:\/\/omni.se\/sankt-krav-pa-kontantinsats-far-kritik-hogre-bopriser\/a\/mailto:redaktion@omni.se\" class=\"ArticleActions_contactLink__W2F1M\" rel=\"nofollow noopener\" target=\"_blank\">Kontakta redaktionen<\/a><\/p>\n","protected":false},"excerpt":{"rendered":"Det \u00e4r inte s\u00e4kert att regeringens f\u00f6rslag att h\u00f6ja taket f\u00f6r hur stora l\u00e5n bostadsk\u00f6pare f\u00e5r ta och&hellip;\n","protected":false},"author":2,"featured_media":59090,"comment_status":"","ping_status":"","sticky":false,"template":"","format":"standard","meta":{"footnotes":""},"categories":[5],"tags":[22,23,26,27,17,21,24,25,28,29,15,16,349,18,34,31,33,32,30,19,20],"class_list":{"0":"post-59089","1":"post","2":"type-post","3":"status-publish","4":"format-standard","5":"has-post-thumbnail","7":"category-rubriker","8":"tag-breaking-news","9":"tag-breakingnews","10":"tag-featured-news","11":"tag-featurednews","12":"tag-headlines","13":"tag-huvudnyheter","14":"tag-latest-news","15":"tag-latestnews","16":"tag-main-news","17":"tag-mainnews","18":"tag-news","19":"tag-nyheter","20":"tag-privatekonomi","21":"tag-rubriker","22":"tag-se","23":"tag-svenska","24":"tag-sverige","25":"tag-sweden","26":"tag-swedish","27":"tag-top-stories","28":"tag-topstories"},"share_on_mastodon":{"url":"","error":""},"_links":{"self":[{"href":"https:\/\/www.europesays.com\/se\/wp-json\/wp\/v2\/posts\/59089","targetHints":{"allow":["GET"]}}],"collection":[{"href":"https:\/\/www.europesays.com\/se\/wp-json\/wp\/v2\/posts"}],"about":[{"href":"https:\/\/www.europesays.com\/se\/wp-json\/wp\/v2\/types\/post"}],"author":[{"embeddable":true,"href":"https:\/\/www.europesays.com\/se\/wp-json\/wp\/v2\/users\/2"}],"replies":[{"embeddable":true,"href":"https:\/\/www.europesays.com\/se\/wp-json\/wp\/v2\/comments?post=59089"}],"version-history":[{"count":0,"href":"https:\/\/www.europesays.com\/se\/wp-json\/wp\/v2\/posts\/59089\/revisions"}],"wp:featuredmedia":[{"embeddable":true,"href":"https:\/\/www.europesays.com\/se\/wp-json\/wp\/v2\/media\/59090"}],"wp:attachment":[{"href":"https:\/\/www.europesays.com\/se\/wp-json\/wp\/v2\/media?parent=59089"}],"wp:term":[{"taxonomy":"category","embeddable":true,"href":"https:\/\/www.europesays.com\/se\/wp-json\/wp\/v2\/categories?post=59089"},{"taxonomy":"post_tag","embeddable":true,"href":"https:\/\/www.europesays.com\/se\/wp-json\/wp\/v2\/tags?post=59089"}],"curies":[{"name":"wp","href":"https:\/\/api.w.org\/{rel}","templated":true}]}}