{"id":59106,"date":"2025-10-19T10:44:07","date_gmt":"2025-10-19T10:44:07","guid":{"rendered":"https:\/\/www.europesays.com\/se\/59106\/"},"modified":"2025-10-19T10:44:07","modified_gmt":"2025-10-19T10:44:07","slug":"trendbrott-nu-stiger-lagenhetspriserna-och-oron-minskar-borskollen","status":"publish","type":"post","link":"https:\/\/www.europesays.com\/se\/59106\/","title":{"rendered":"Trendbrott: Nu stiger l\u00e4genhetspriserna \u2013 och oron minskar &#8211; B\u00f6rskollen"},"content":{"rendered":"<ol>\n<li><a href=\"https:\/\/news.google.com\/rss\/articles\/CBMilwFBVV95cUxOMDJnWkd6Z2VQM0VWekktNDVHaDVyeVhiOXExanZOUjRUbkpHOUJjOXBnbnRZd0I4bnJiODlCLXpyY3RuUU1sNXRfbWZnSjE4amQ1ZThFc1ZuY0xHalNzRGdLSXNWOU0zb0o4Zkp6M1lnRUlublJNaDBKOUs5M1ZIMl9Wbnd1QmRrMEZ3NGZQa1pIOFR4ZzZZ?oc=5\" target=\"_blank\" rel=\"nofollow noopener\">Trendbrott: Nu stiger l\u00e4genhetspriserna \u2013 och oron minskar<\/a>&nbsp;&nbsp;B\u00f6rskollen<\/li>\n<li><a href=\"https:\/\/news.google.com\/rss\/articles\/CBMigAFBVV95cUxOak5CU0JYNWFfcVlGV01yZ0czN0gyVkNWSll2bGVHUkFBOFYxLWtBTHdYenBnMkZ0bFRuWjB3VFJPbEVybWNmTmtTNlFOYTJka3NaU3Zfb2xpczIza1c2NjZUQ01QYWVoSWFXZGtsZ19zUVNkenRfTmt6NWw3Mk1JSw?oc=5\" target=\"_blank\" rel=\"nofollow noopener\">Bostads\u00e4gare kan andas ut: \u201dEtt trendbrott\u201d<\/a>&nbsp;&nbsp;SvD<\/li>\n<li><a href=\"https:\/\/news.google.com\/rss\/articles\/CBMiqwFBVV95cUxNS0NoQUtFMm5HVU5xMFFvcGVnVzlKbnBwYXhhRkhWbDZSWFJjU3lkc3RSd3hsRUszeFk0a3FjWEJGdFpPaHBxaU9yQ1lKT0tzSUJWQlB1UllDeFpFeHQxMG9qSUgtV1RBdTNNVHpTSVJPU0IwdWNkUFE1aURnTEdsWEltM2xZOGhCZVBGRkk3XzVYclp6WFlsdEg1X0RvVnF2LVdjMHRuUkV0bUk?oc=5\" target=\"_blank\" rel=\"nofollow noopener\">Revanschl\u00e4ge f\u00f6r bost\u00e4der \u2013 aktierna som gynnas i prisrally<\/a>&nbsp;&nbsp;Privata Aff\u00e4rer<\/li>\n<li><a href=\"https:\/\/news.google.com\/rss\/articles\/CBMiigFBVV95cUxNOGtab0swX3JycUJseTVfZFNYZHFjc2Y0Ti1RUno0Ui1SN2thaGg1bnpidVpRTmFMc3B6WUpnblM3RDU4SEtqaENFdUFYOWV6NldMRnN3TDlUUGhDeUF0bHZmLVFMSVJpa3FQN1BFSXc2NGk1N08yelJkblMtQnhpOWlVdkprTDJrLWc?oc=5\" target=\"_blank\" rel=\"nofollow noopener\">Endast 18 procent oroas av prisfall p\u00e5 egna boendet<\/a>&nbsp;&nbsp;Omni<\/li>\n<li><a href=\"https:\/\/news.google.com\/rss\/articles\/CBMihAFBVV95cUxPWTlfZExvTHRCMUdNWnhTNUlXSzVtNE9nS1pHeXFpYWtiTXlaclVVUzg0QUs5MjVMZ251VEFpdi1GcHFYSW4xYXpDNzZ5d3VSMldRc2x3MlJxWklXYklvOGwyLW5adGJYNDFPMm5jS0p5ZU0zOGoyR2htUnVuWGVvWnVUUnk?oc=5\" target=\"_blank\" rel=\"nofollow noopener\">Boprisindikatorn of\u00f6r\u00e4ndrad i oktober<\/a>&nbsp;&nbsp;Placera.se<\/li>\n<\/ol>\n","protected":false},"excerpt":{"rendered":"Trendbrott: Nu stiger l\u00e4genhetspriserna \u2013 och oron minskar&nbsp;&nbsp;B\u00f6rskollen Bostads\u00e4gare kan andas ut: \u201dEtt trendbrott\u201d&nbsp;&nbsp;SvD Revanschl\u00e4ge f\u00f6r bost\u00e4der \u2013&hellip;\n","protected":false},"author":2,"featured_media":59107,"comment_status":"","ping_status":"","sticky":false,"template":"","format":"standard","meta":{"footnotes":""},"categories":[65],"tags":[72,70,71,34,31,33,32,30],"class_list":{"0":"post-59106","1":"post","2":"type-post","3":"status-publish","4":"format-standard","5":"has-post-thumbnail","7":"category-ekonomi","8":"tag-business","9":"tag-economy","10":"tag-ekonomi","11":"tag-se","12":"tag-svenska","13":"tag-sverige","14":"tag-sweden","15":"tag-swedish"},"share_on_mastodon":{"url":"","error":""},"_links":{"self":[{"href":"https:\/\/www.europesays.com\/se\/wp-json\/wp\/v2\/posts\/59106","targetHints":{"allow":["GET"]}}],"collection":[{"href":"https:\/\/www.europesays.com\/se\/wp-json\/wp\/v2\/posts"}],"about":[{"href":"https:\/\/www.europesays.com\/se\/wp-json\/wp\/v2\/types\/post"}],"author":[{"embeddable":true,"href":"https:\/\/www.europesays.com\/se\/wp-json\/wp\/v2\/users\/2"}],"replies":[{"embeddable":true,"href":"https:\/\/www.europesays.com\/se\/wp-json\/wp\/v2\/comments?post=59106"}],"version-history":[{"count":0,"href":"https:\/\/www.europesays.com\/se\/wp-json\/wp\/v2\/posts\/59106\/revisions"}],"wp:featuredmedia":[{"embeddable":true,"href":"https:\/\/www.europesays.com\/se\/wp-json\/wp\/v2\/media\/59107"}],"wp:attachment":[{"href":"https:\/\/www.europesays.com\/se\/wp-json\/wp\/v2\/media?parent=59106"}],"wp:term":[{"taxonomy":"category","embeddable":true,"href":"https:\/\/www.europesays.com\/se\/wp-json\/wp\/v2\/categories?post=59106"},{"taxonomy":"post_tag","embeddable":true,"href":"https:\/\/www.europesays.com\/se\/wp-json\/wp\/v2\/tags?post=59106"}],"curies":[{"name":"wp","href":"https:\/\/api.w.org\/{rel}","templated":true}]}}