{"id":59123,"date":"2025-10-19T11:21:14","date_gmt":"2025-10-19T11:21:14","guid":{"rendered":"https:\/\/www.europesays.com\/se\/59123\/"},"modified":"2025-10-19T11:21:14","modified_gmt":"2025-10-19T11:21:14","slug":"eu-vill-standardisera-laddare-och-laddkablar","status":"publish","type":"post","link":"https:\/\/www.europesays.com\/se\/59123\/","title":{"rendered":"EU vill standardisera laddare och laddkablar"},"content":{"rendered":"<p class=\"bbParagraph\">Kravet p\u00e5 USB Type-C-kontakt i mobiltelefoner, kameror och snart \u00e4ven b\u00e4rbara datorer har bara delvis f\u00f6renklat f\u00f6r konsumenter. Det g\u00e4ller fortfarande att hitta en laddare med st\u00f6d f\u00f6r r\u00e4tt kombination av sp\u00e4nning och str\u00f6mstyrka en viss pryl efterfr\u00e5gar f\u00f6r att ladda med maximal effekt. Kabeln m\u00e5ste ocks\u00e5 vara dimensionerad f\u00f6r den efterfr\u00e5gade str\u00f6mstyrkan.<\/p>\n<p class=\"bbParagraph\">Det h\u00e4r \u00e4r ett av problemen EU-kommissionen hoppas \u00e5tg\u00e4rda med ett <a class=\"bbLink\" href=\"https:\/\/energy.ec.europa.eu\/document\/download\/c9913dd7-2031-432b-b9b5-f82f23505047_en?filename=SWD_2025_289_1_EN_resume_impact_assessment_part1_v2.pdf\" target=\"_blank\" rel=\"noopener nofollow\">nytt lagf\u00f6rslag<\/a> som om det g\u00e5r igenom ska b\u00f6rja g\u00e4lla 2028. F\u00f6rslaget ska standardisera externa n\u00e4tadaptrar f\u00f6r all elektronik med under 240 watt effekt s\u00e5 att dessa dels m\u00e5ste ha minst en USB Type-C-kontakt med st\u00f6d f\u00f6r USB-PD-standarden, dels m\u00e5ste ha separata laddkablar s\u00e5 att anv\u00e4ndare kan byta kabeln om den g\u00e5r s\u00f6nder.<\/p>\n<p class=\"bbParagraph\">Kommissionen vill \u00e4ven tvinga tillverkare att m\u00e4rka s\u00e5v\u00e4l laddare som laddkablar s\u00e5 att det tydligt framg\u00e5r vilken effekt de klarar. H\u00e4r \u00e4r f\u00f6rslaget inte tydligt med huruvida m\u00e4rkningen \u00e4ven ska inkludera sp\u00e4nning och str\u00f6mstyrka, men utan det kan det fortfarande uppst\u00e5 f\u00f6rvirring.<\/p>\n<p class=\"bbParagraph\">Andra krav i f\u00f6rslaget g\u00e4ller effektivitet, bland annat en l\u00e4gsta effektivitet vid 10 procent belastning och maxeffekt i standbyl\u00e4ge.<\/p>\n<p class=\"bbParagraph\">Kraven ska inte bara g\u00e4lla de kategorier av produkter som idag har krav p\u00e5 USB\u00a0Type-C-kontakt utan i stort sett all elektronik som f\u00f6rses med likstr\u00f6m fr\u00e5n en extern n\u00e4tadapter, inklusive bland annat n\u00e4tverksutrustning och datorer utan internt n\u00e4taggregat. De ska \u00e4ven g\u00e4lla frist\u00e5ende laddare f\u00f6r uppladdningsbara batterier.<\/p>\n","protected":false},"excerpt":{"rendered":"Kravet p\u00e5 USB Type-C-kontakt i mobiltelefoner, kameror och snart \u00e4ven b\u00e4rbara datorer har bara delvis f\u00f6renklat f\u00f6r konsumenter.&hellip;\n","protected":false},"author":2,"featured_media":59124,"comment_status":"","ping_status":"","sticky":false,"template":"","format":"standard","meta":{"footnotes":""},"categories":[66],"tags":[5582,80,78,79,34,31,33,32,30,81,84,83,82],"class_list":{"0":"post-59123","1":"post","2":"type-post","3":"status-publish","4":"format-standard","5":"has-post-thumbnail","7":"category-vetenskap-och-teknik","8":"tag-a-41891-it-politik-laddare-nyhet-p-artikel","9":"tag-science","10":"tag-science-and-technology","11":"tag-scienceandtechnology","12":"tag-se","13":"tag-svenska","14":"tag-sverige","15":"tag-sweden","16":"tag-swedish","17":"tag-technology","18":"tag-teknik","19":"tag-vetenskap","20":"tag-vetenskapteknik"},"share_on_mastodon":{"url":"","error":""},"_links":{"self":[{"href":"https:\/\/www.europesays.com\/se\/wp-json\/wp\/v2\/posts\/59123","targetHints":{"allow":["GET"]}}],"collection":[{"href":"https:\/\/www.europesays.com\/se\/wp-json\/wp\/v2\/posts"}],"about":[{"href":"https:\/\/www.europesays.com\/se\/wp-json\/wp\/v2\/types\/post"}],"author":[{"embeddable":true,"href":"https:\/\/www.europesays.com\/se\/wp-json\/wp\/v2\/users\/2"}],"replies":[{"embeddable":true,"href":"https:\/\/www.europesays.com\/se\/wp-json\/wp\/v2\/comments?post=59123"}],"version-history":[{"count":0,"href":"https:\/\/www.europesays.com\/se\/wp-json\/wp\/v2\/posts\/59123\/revisions"}],"wp:featuredmedia":[{"embeddable":true,"href":"https:\/\/www.europesays.com\/se\/wp-json\/wp\/v2\/media\/59124"}],"wp:attachment":[{"href":"https:\/\/www.europesays.com\/se\/wp-json\/wp\/v2\/media?parent=59123"}],"wp:term":[{"taxonomy":"category","embeddable":true,"href":"https:\/\/www.europesays.com\/se\/wp-json\/wp\/v2\/categories?post=59123"},{"taxonomy":"post_tag","embeddable":true,"href":"https:\/\/www.europesays.com\/se\/wp-json\/wp\/v2\/tags?post=59123"}],"curies":[{"name":"wp","href":"https:\/\/api.w.org\/{rel}","templated":true}]}}