{"id":59132,"date":"2025-10-19T11:29:18","date_gmt":"2025-10-19T11:29:18","guid":{"rendered":"https:\/\/www.europesays.com\/se\/59132\/"},"modified":"2025-10-19T11:29:18","modified_gmt":"2025-10-19T11:29:18","slug":"aldre-datorer-med-windows-10-blir-sakerhetsrisk-fler-kunder-tar-kontakt","status":"publish","type":"post","link":"https:\/\/www.europesays.com\/se\/59132\/","title":{"rendered":"\u00c4ldre datorer med Windows 10 blir s\u00e4kerhetsrisk \u2013 &#8221;Fler kunder tar kontakt&#8221;"},"content":{"rendered":"<p>                    Stefan Holm rekommenderar alla anv\u00e4ndare av Windows att uppdatera datorn till Windows 11 eller registra sig f\u00f6r s\u00e4kerhetsuppdateringarna till Windows 10, annars finns det risk f\u00f6r s\u00e4kerhetsproblem.<br \/>\n                     Bild: Cecilia Skinnars<\/p>\n<p class=\"article-lead\">Stefan Holm arbetar med dataservice och sedan Microsoft meddelade att alla datorer med Windows 10 som operativsystem m\u00e5ste uppdateras har fler kunder tagit kontakt. Nu f\u00f6rklarar han vad det hela handlar om.<\/p>\n","protected":false},"excerpt":{"rendered":"Stefan Holm rekommenderar alla anv\u00e4ndare av Windows att uppdatera datorn till Windows 11 eller registra sig f\u00f6r s\u00e4kerhetsuppdateringarna&hellip;\n","protected":false},"author":2,"featured_media":59133,"comment_status":"","ping_status":"","sticky":false,"template":"","format":"standard","meta":{"footnotes":""},"categories":[66],"tags":[80,78,79,34,31,33,32,30,81,84,83,82],"class_list":{"0":"post-59132","1":"post","2":"type-post","3":"status-publish","4":"format-standard","5":"has-post-thumbnail","7":"category-vetenskap-och-teknik","8":"tag-science","9":"tag-science-and-technology","10":"tag-scienceandtechnology","11":"tag-se","12":"tag-svenska","13":"tag-sverige","14":"tag-sweden","15":"tag-swedish","16":"tag-technology","17":"tag-teknik","18":"tag-vetenskap","19":"tag-vetenskapteknik"},"share_on_mastodon":{"url":"","error":""},"_links":{"self":[{"href":"https:\/\/www.europesays.com\/se\/wp-json\/wp\/v2\/posts\/59132","targetHints":{"allow":["GET"]}}],"collection":[{"href":"https:\/\/www.europesays.com\/se\/wp-json\/wp\/v2\/posts"}],"about":[{"href":"https:\/\/www.europesays.com\/se\/wp-json\/wp\/v2\/types\/post"}],"author":[{"embeddable":true,"href":"https:\/\/www.europesays.com\/se\/wp-json\/wp\/v2\/users\/2"}],"replies":[{"embeddable":true,"href":"https:\/\/www.europesays.com\/se\/wp-json\/wp\/v2\/comments?post=59132"}],"version-history":[{"count":0,"href":"https:\/\/www.europesays.com\/se\/wp-json\/wp\/v2\/posts\/59132\/revisions"}],"wp:featuredmedia":[{"embeddable":true,"href":"https:\/\/www.europesays.com\/se\/wp-json\/wp\/v2\/media\/59133"}],"wp:attachment":[{"href":"https:\/\/www.europesays.com\/se\/wp-json\/wp\/v2\/media?parent=59132"}],"wp:term":[{"taxonomy":"category","embeddable":true,"href":"https:\/\/www.europesays.com\/se\/wp-json\/wp\/v2\/categories?post=59132"},{"taxonomy":"post_tag","embeddable":true,"href":"https:\/\/www.europesays.com\/se\/wp-json\/wp\/v2\/tags?post=59132"}],"curies":[{"name":"wp","href":"https:\/\/api.w.org\/{rel}","templated":true}]}}