{"id":59164,"date":"2025-10-19T12:40:07","date_gmt":"2025-10-19T12:40:07","guid":{"rendered":"https:\/\/www.europesays.com\/se\/59164\/"},"modified":"2025-10-19T12:40:07","modified_gmt":"2025-10-19T12:40:07","slug":"darfor-tackade-angelina-jolie-ja-till-nya-versionen-av-folk-med-angest-pa-netflix","status":"publish","type":"post","link":"https:\/\/www.europesays.com\/se\/59164\/","title":{"rendered":"D\u00e4rf\u00f6r tackade Angelina Jolie ja till nya versionen av Folk med \u00e5ngest p\u00e5 Netflix"},"content":{"rendered":"<p>Publicerad 19 okt 2025 kl 12.30<\/p>\n<p>N\u00e4r Angelina Jolie fick manus till \u201dAnxious people\u201d svarade hon samma dag.<\/p>\n<p>Det b\u00e5dar gott f\u00f6r Fredrik Backman-filmatiseringen som tar sikte p\u00e5 att bli en k\u00e4r jultradition.<\/p>\n<p>\u2013 Det \u00e4r v\u00e4l det som \u00e4r v\u00e5rt m\u00e5l med filmen, s\u00e4ger producenten Fredrik Wikstr\u00f6m Nicastro och ber\u00e4ttar om hur Sverige ska er\u00f6vra Hollywood.<\/p>\n<p><img   alt=\"\"\/><\/p>\n<p>Angelina Jolie i \u201dAnxious people\u201d, baserad p\u00e5 Fredrik Backmans bok.<\/p>\n<p>Foto: Nicolas Karakatsanis \/ Hope Studios<\/p>\n<p>\u00d6ppna bild i helsk\u00e4rm<img loading=\"lazy\"   alt=\"\"\/><\/p>\n<p>Producenten Fredrik Wikstr\u00f6m Nicastro.<\/p>\n<p>Foto: Unai Mateor \/ Hope Studios<\/p>\n<p>\u00d6ppna bild i helsk\u00e4rm<img loading=\"lazy\"   alt=\"\"\/><\/p>\n<p>Succ\u00e9f\u00f6rfattaren Fredrik Backman,<\/p>\n<p>Foto: Johan Nilsson \/ TT NYHETSBYR\u00c5N<\/p>\n<p>\u00d6ppna bild i helsk\u00e4rm<\/p>\n<p>Inspelningen av \u201dAnxious people\u201d har p\u00e5g\u00e5tt i London sen b\u00f6rjan av september, och en av de som varit p\u00e5 plats n\u00e4stan varje dag \u00e4r den svenske producenten Fredrik Wikstr\u00f6m Nicastro.<\/p>\n<p>Han beskriver den kommande filmen som en tonm\u00e4ssig f\u00f6ljeslagare till \u201dA man called Otto\u201d. Men i st\u00e4llet f\u00f6r Tom Hanks, s\u00e5 \u00e4r det den h\u00e4r g\u00e5ngen <a href=\"https:\/\/www.expressen.se\/tagg\/person\/angelina-jolie\/\" class=\"\" rel=\"nofollow noopener\" target=\"_blank\">Angelina Jolie<\/a> som \u00e4r superstj\u00e4rnan i huvudrollen.<\/p>\n<p>\u2013 Hon \u00e4r ju fantastisk att jobba med. Otroligt dedikerad, professionell och j\u00e4tteduktig. Det \u00e4r lite speciellt. \u00c4ven om man jobbar med superstj\u00e4rnor som Tom Hanks eller Angelina Jolie s\u00e5 blir det som en vardag n\u00e4r man \u00e4r tillsammans i ett projekt.<\/p>\n<p><img loading=\"lazy\"   alt=\"\"\/><\/p>\n<p>Inspelningarna har p\u00e5g\u00e5tt i en m\u00e5nad.<\/p>\n<p>Foto: Mauricio Molinari \/ Hope Studios<\/p>\n<p>\u00d6ppna bild i helsk\u00e4rm\u201dAnxious people\u201d<\/p>\n<p>\u00c4r en kommande komedi baserad p\u00e5 Fredrik Backmans roman \u201dFolk med \u00e5ngest\u201d (2019). Felix Herngren gjorde svensk Netflix-serie av boken 2021 med bland andra Anna Granath, Per Andersson, Dan Ekborg, Alfred Svensson och Carla Sehn i rollerna.<\/p>\n<p>Den kommande filmen som produceras av svenska Hope studios \u00e4r dock p\u00e5 engelska och ska ta ett nytt grepp p\u00e5 Backmans ber\u00e4ttelse.<\/p>\n<p>I rollerna ser vi bland andra Angelina Jolie, Aimee Lou Wood och Jason Segel.<\/p>\n<p>Marc Forster (\u201dWorld war Z\u201d) regisserar efter ett manus av David Magee (\u201dDen lilla sj\u00f6jungfrun\u201d fr\u00e5n 2023) . Det \u00e4r samma filmskapare som l\u00e5g bakom \u201dA man called Otto\u201d \u2013 den amerikanska versionen av \u201dEn man som heter Ove\u201d. I detta team ing\u00e5r \u00e4ven producenten Fredrik Wikstr\u00f6m Nicastro som idag driver verksamheten genom egna svenska produktionsbolaget Hope studios.<\/p>\n<p>I Hope studios p\u00e5g\u00e5ende produktion finns \u00e4ven en filmatisering av Jo Nesb\u00f8s \u201dThe night house\u201d. Den regisseras av Jesper Ganslandt (\u201d438 dagar\u201d) och i rollerna finns Aaron Paul och Jacob Tremblay.<\/p>\n<p>Visa mer<\/p>\n<p>Men till skillnad fr\u00e5n Hanks \u00e4r Jolie inte alls f\u00f6rknippad med komedi.<\/p>\n<p>\u2013 Precis, och det h\u00e4r \u00e4r en otroligt sp\u00e4nnande roll f\u00f6r henne av just den anledningen. Vi tror att publiken kommer att vara intresserad av att se henne i n\u00e5got annorlunda \u00e4n vad man \u00e4r van vid.<\/p>\n<p>\u2013 Hennes karakt\u00e4r Zara \u00e4r en investeringsdirekt\u00f6r som \u00e4r n\u00e5got av ett mysterium. Hon lyssnar p\u00e5 death metal i sina h\u00f6rlurar, f\u00f6rs\u00f6ker undvika m\u00e4nniskor och \u00e4r cynisk p\u00e5 ett humoristiskt s\u00e4tt.<\/p>\n<p><strong>Vad var det som fick Jolie att tacka ja?<\/strong><\/p>\n<p>\u2013 Jag vet att hon \u00e4lskade manuset. N\u00e4r vi skickade det s\u00e5 svarade hon inom loppet av en dag. Sen vet jag inte exakt vad hon gillade, mer \u00e4n att hon aldrig varit del av en ensemble p\u00e5 film tidigare. Hon f\u00e5r ju oftast spela en stark huvudroll, men h\u00e4r handlar det om en huvudroll i en hel palett av karakt\u00e4rer. Det vet jag att hon varit nyfiken p\u00e5.<\/p>\n<p>\u201dMycket hj\u00e4rta\u201d<\/p>\n<p><strong>Hur skiljer sig er film fr\u00e5n den svenska Netflix-serien \u201dFolk med \u00e5ngest\u201d?<\/strong><\/p>\n<p>\u2013 V\u00e4ldigt mycket. Med \u201dA man called Otto\u201d, som jag ocks\u00e5 producerade, tog vi delar fr\u00e5n b\u00e5de boken och filmen \u201dEn man som heter Ove\u201d. Men h\u00e4r har vi g\u00e5tt tillbaka till Backmans bok, utan inspiration fr\u00e5n serien. Det blir tv\u00e5 v\u00e4ldigt olika ber\u00e4ttelser.<\/p>\n<p><strong>\u00c4r det sant att det blir en julfilm?<\/strong><\/p>\n<p>\u2013 Ja! Det kommer det vara. Boken utspelar sig kring ny\u00e5rsafton, men vi k\u00e4nde att det vore kul att g\u00f6ra det till en julfilm. Lyckas man bra med det, s\u00e5 blir den sen l\u00e4tt till en tradition, n\u00e5got som man vill se varje \u00e5r, och det \u00e4r v\u00e4l det som \u00e4r v\u00e5rt m\u00e5l med filmen. F\u00f6rutom att det ska vara en upplyftande komedi med mycket hj\u00e4rta.<\/p>\n<p><img loading=\"lazy\"   alt=\"\"\/><\/p>\n<p>Filmen siktar p\u00e5 att bli en filmtradition.<\/p>\n<p>Foto: Mauricio Molinari \/ Hope Studios<\/p>\n<p>\u00d6ppna bild i helsk\u00e4rm<\/p>\n<p><strong>Du startade Hope studios f\u00f6r ett par \u00e5r sen, och den h\u00e4r typen av film verkar vara en del av ert koncept?<\/strong><\/p>\n<p>\u2013 Ja, vi vill g\u00f6ra internationella historier p\u00e5 engelska som kan uppskattas i hela v\u00e4rlden. Men som samtidigt ska k\u00e4nnas meningsfulla, inspirerande och relevanta. Sen m\u00e5ste inte det vara just en Fredrik Backman-ber\u00e4ttelse, vi g\u00f6r andra genres ocks\u00e5.<\/p>\n<p>Annons<\/p>\n<p><strong>Och ni har redan s\u00e4krat en halv miljard kronor f\u00f6r det, och \u00e4r nu p\u00e5 jakt efter 200 miljoner till. Vad \u00e4r det investerarna gillar?<\/strong><\/p>\n<p>\u2013 Ja, vi har ju m\u00e5nga bra projekt i utveckling och vi \u00e4r i produktion nu med tv\u00e5 stora. I Sverige har man ju redan lyckats med att g\u00f6ra tv-spel och musik f\u00f6r en v\u00e4rldspublik. Men med film har vi inte riktigt haft den ambitionen, och det \u00e4r v\u00e4l det investerarna tycker \u00e4r kul: Att vi f\u00f6rs\u00f6ker g\u00f6ra samma resa som de h\u00e4r n\u00e4rbesl\u00e4ktade branscherna lyckats s\u00e5 bra med.<\/p>\n<p>\u201dLite tokigt, absolut\u201d<\/p>\n<p><strong>Ni g\u00f6r \u00e4ven Jo Nesb\u00f8s \u201dThe night house\u201d?<\/strong><\/p>\n<p>\u2013 Exakt. Den \u00e4r mer av en skr\u00e4ckhistoria i Stephen King-anda. Men har ocks\u00e5 teman och djup som g\u00f6r att den passar perfekt f\u00f6r v\u00e5rt bolag.\u00a0<\/p>\n<p><strong>Jesper Ganslandt regisserar. T\u00e4nker ni bara nordiskt?<\/strong><\/p>\n<p>\u2013 Nej, det \u00e4r ingen grundf\u00f6ruts\u00e4ttning. Men vi \u00e4r ju baserade i Stockholm, och d\u00e5 blir det naturligt att h\u00e4mta kreat\u00f6rer och historier fr\u00e5n Norden.<\/p>\n<p><strong>Men att g\u00f6ra internationell storfilm fr\u00e5n Sverige\u2026 tycker folk att du \u00e4r lite tokig?<\/strong><\/p>\n<p>\u2013 Det skulle jag nog s\u00e4ga. Haha! Sen hade jag tur i att jag fick f\u00f6rtroendet att g\u00f6ra \u201dA man called Otto\u201d som blev en bra film, s\u00e5ldes i hela v\u00e4rlden, och en stor succ\u00e9 framf\u00f6r allt i USA. Ett recept f\u00f6r att lyckas som har hj\u00e4lpt och skapat mycket trov\u00e4rdighet. Men det \u00e4r lite tokigt, absolut.<\/p>\n","protected":false},"excerpt":{"rendered":"Publicerad 19 okt 2025 kl 12.30 N\u00e4r Angelina Jolie fick manus till \u201dAnxious people\u201d svarade hon samma dag.&hellip;\n","protected":false},"author":2,"featured_media":59165,"comment_status":"","ping_status":"","sticky":false,"template":"","format":"standard","meta":{"footnotes":""},"categories":[67],"tags":[104,5230,34,770,31,33,32,30,2830,109,105],"class_list":{"0":"post-59164","1":"post","2":"type-post","3":"status-publish","4":"format-standard","5":"has-post-thumbnail","7":"category-underhallning","8":"tag-entertainment","9":"tag-person-angelina-jolie","10":"tag-se","11":"tag-sections-film","12":"tag-svenska","13":"tag-sverige","14":"tag-sweden","15":"tag-swedish","16":"tag-topic-jul","17":"tag-topic-skadespelare","18":"tag-underhallning"},"share_on_mastodon":{"url":"","error":""},"_links":{"self":[{"href":"https:\/\/www.europesays.com\/se\/wp-json\/wp\/v2\/posts\/59164","targetHints":{"allow":["GET"]}}],"collection":[{"href":"https:\/\/www.europesays.com\/se\/wp-json\/wp\/v2\/posts"}],"about":[{"href":"https:\/\/www.europesays.com\/se\/wp-json\/wp\/v2\/types\/post"}],"author":[{"embeddable":true,"href":"https:\/\/www.europesays.com\/se\/wp-json\/wp\/v2\/users\/2"}],"replies":[{"embeddable":true,"href":"https:\/\/www.europesays.com\/se\/wp-json\/wp\/v2\/comments?post=59164"}],"version-history":[{"count":0,"href":"https:\/\/www.europesays.com\/se\/wp-json\/wp\/v2\/posts\/59164\/revisions"}],"wp:featuredmedia":[{"embeddable":true,"href":"https:\/\/www.europesays.com\/se\/wp-json\/wp\/v2\/media\/59165"}],"wp:attachment":[{"href":"https:\/\/www.europesays.com\/se\/wp-json\/wp\/v2\/media?parent=59164"}],"wp:term":[{"taxonomy":"category","embeddable":true,"href":"https:\/\/www.europesays.com\/se\/wp-json\/wp\/v2\/categories?post=59164"},{"taxonomy":"post_tag","embeddable":true,"href":"https:\/\/www.europesays.com\/se\/wp-json\/wp\/v2\/tags?post=59164"}],"curies":[{"name":"wp","href":"https:\/\/api.w.org\/{rel}","templated":true}]}}