{"id":59234,"date":"2025-10-19T14:25:08","date_gmt":"2025-10-19T14:25:08","guid":{"rendered":"https:\/\/www.europesays.com\/se\/59234\/"},"modified":"2025-10-19T14:25:08","modified_gmt":"2025-10-19T14:25:08","slug":"modo-bekraftar-hans-namn-ar-pa-tapeten","status":"publish","type":"post","link":"https:\/\/www.europesays.com\/se\/59234\/","title":{"rendered":"MoDo bekr\u00e4ftar: &#8221;Hans namn \u00e4r p\u00e5 tapeten&#8221;"},"content":{"rendered":"<p><strong>Niklas Folin har hamnat utanf\u00f6r i hockeyallsvenska bottenlaget <a href=\"https:\/\/hockeysverige.se\/klubb\/vasteras-ik\" rel=\"nofollow noopener\" target=\"_blank\">V\u00e4ster\u00e5s<\/a>. Nu uppger <a href=\"https:\/\/www.allehanda.se\/2025-10-19\/avslojar-kvalhjalten-pa-modos-radar\/\" rel=\"nofollow noopener\" target=\"_blank\">\u00d6A<\/a> att 31-\u00e5ringen \u00e4r p\u00e5 <a href=\"https:\/\/hockeysverige.se\/klubb\/modo-hockey\/\" rel=\"nofollow noopener\" target=\"_blank\">MoDos<\/a> radar. <br \/>\u2013 Ja, hans namn \u00e4r p\u00e5 tapeten, bekr\u00e4ftar \u00e4ven sportchefen Henrik Gradin i tidningen. <\/strong><\/p>\n<p><img loading=\"lazy\" decoding=\"async\" width=\"1024\" height=\"658\" src=\"https:\/\/www.europesays.com\/se\/wp-content\/uploads\/2025\/10\/Folin-Modo-1024x658.webp.webp\" alt=\"\" class=\"wp-image-315668\"  \/>Niklas Folin och MoDos Henrik Gradin. <strong>Foto:<\/strong> Bildbyr\u00e5n (montage).<\/p>\n<p>\u201dSka vi fylla p\u00e5 s\u00e5 kanske det \u00e4r p\u00e5 backsidan. Sen f\u00e5r vi se\u201d<\/p>\n<p>Orden kom fr\u00e5n Henrik Gradin samtidigt som han, f\u00f6r en dryg vecka sedan, nekade snack om att August Tornberg var aktuell f\u00f6r spel i MoDo. Nu kommer \u00d6rnsk\u00f6ldsviks Allehanda med uppgifter om att en annan back \u00e4r p\u00e5 det <a href=\"https:\/\/hockeysverige.se\/hockeyallsvenskan\/\" rel=\"nofollow noopener\" target=\"_blank\">hockeyallsvenska<\/a> topplagets radar. <\/p>\n<p>Spelaren det handlar om \u00e4r Niklas Folin, som hamnat i frysboxen i V\u00e4ster\u00e5s sedan m\u00f6tet med just MoDo 8 oktober. <br \/>\u2013 Ja, hans namn \u00e4r p\u00e5 tapeten, s\u00e5 \u00e4r det, bekr\u00e4ftar \u201dHinken\u201d f\u00f6r \u00d6A under s\u00f6ndagen och forts\u00e4tter.<br \/>\u2013\u00a0Sedan m\u00e5ste vi fundera p\u00e5 vad vi har f\u00f6r pengar att r\u00f6ra oss med och om vi ska g\u00f6ra oss av med n\u00e5gon, men just nu fungerar det bra.<\/p>\n<p>Vet inte om en eller tv\u00e5 ska in<\/p>\n<p>Niklas Folin har tidigare gjort tre s\u00e4songer i MoDo, men efter att han spelat upp laget i SHL och blivit kvar, fick han inget nytt avtal till 2024\/25. D\u00e4rifr\u00e5n blev det spel i V\u00e4ster\u00e5s. <\/p>\n<p>Henrik Gradin menar att det kan vara ett alternativ \u2013 \u00e4ven om Folin just nu inte platsar i ett allsvenskt bottenlag. <\/p>\n<p>\u2013 Han har v\u00e4l hamnat lite snett p\u00e5 det. Visst, inget kan ta bort att de \u00e4r n\u00e4stjumbon men jag tycker att \u00e5rets upplaga av V\u00e4ster\u00e5s spelar mycket b\u00e4ttre hockey \u00e4n fjol\u00e5rets lag, s\u00e4ger han till \u00d6A.<\/p>\n<p>MoDos sportchef till\u00e4gger att Jacob Bengtsson \u00e4r p\u00e5 v\u00e4g tillbaka fr\u00e5n sjukdom och att Jacob Nor\u00e9n gjort sina b\u00e4sta matcher p\u00e5 slutet. Samtidigt menar han att klubben \u00e4nnu inte vet om det beh\u00f6vs en eller tv\u00e5 backar, eller vilken typ som ska in. I och med detta avvaktar man \u201den tid\u201d. <\/p>\n<p> Source: <a href=\"https:\/\/www.eliteprospects.com\/player\/21860\/niklas-folin\" target=\"_blank\" rel=\"noopener noreferrer nofollow\">Niklas Folin<\/a> @ Elite Prospects<\/p>\n","protected":false},"excerpt":{"rendered":"Niklas Folin har hamnat utanf\u00f6r i hockeyallsvenska bottenlaget V\u00e4ster\u00e5s. Nu uppger \u00d6A att 31-\u00e5ringen \u00e4r p\u00e5 MoDos radar.&hellip;\n","protected":false},"author":2,"featured_media":59235,"comment_status":"","ping_status":"","sticky":false,"template":"","format":"standard","meta":{"footnotes":""},"categories":[68],"tags":[621,34,133,111,110,31,33,32,30],"class_list":{"0":"post-59234","1":"post","2":"type-post","3":"status-publish","4":"format-standard","5":"has-post-thumbnail","7":"category-sport","8":"tag-hockeyallsvenskan","9":"tag-se","10":"tag-second-news","11":"tag-sport","12":"tag-sports","13":"tag-svenska","14":"tag-sverige","15":"tag-sweden","16":"tag-swedish"},"share_on_mastodon":{"url":"","error":""},"_links":{"self":[{"href":"https:\/\/www.europesays.com\/se\/wp-json\/wp\/v2\/posts\/59234","targetHints":{"allow":["GET"]}}],"collection":[{"href":"https:\/\/www.europesays.com\/se\/wp-json\/wp\/v2\/posts"}],"about":[{"href":"https:\/\/www.europesays.com\/se\/wp-json\/wp\/v2\/types\/post"}],"author":[{"embeddable":true,"href":"https:\/\/www.europesays.com\/se\/wp-json\/wp\/v2\/users\/2"}],"replies":[{"embeddable":true,"href":"https:\/\/www.europesays.com\/se\/wp-json\/wp\/v2\/comments?post=59234"}],"version-history":[{"count":0,"href":"https:\/\/www.europesays.com\/se\/wp-json\/wp\/v2\/posts\/59234\/revisions"}],"wp:featuredmedia":[{"embeddable":true,"href":"https:\/\/www.europesays.com\/se\/wp-json\/wp\/v2\/media\/59235"}],"wp:attachment":[{"href":"https:\/\/www.europesays.com\/se\/wp-json\/wp\/v2\/media?parent=59234"}],"wp:term":[{"taxonomy":"category","embeddable":true,"href":"https:\/\/www.europesays.com\/se\/wp-json\/wp\/v2\/categories?post=59234"},{"taxonomy":"post_tag","embeddable":true,"href":"https:\/\/www.europesays.com\/se\/wp-json\/wp\/v2\/tags?post=59234"}],"curies":[{"name":"wp","href":"https:\/\/api.w.org\/{rel}","templated":true}]}}