{"id":59284,"date":"2025-10-19T16:00:22","date_gmt":"2025-10-19T16:00:22","guid":{"rendered":"https:\/\/www.europesays.com\/se\/59284\/"},"modified":"2025-10-19T16:00:22","modified_gmt":"2025-10-19T16:00:22","slug":"forslag-om-niqabforbud-uppror-skulle-ma-daligt","status":"publish","type":"post","link":"https:\/\/www.europesays.com\/se\/59284\/","title":{"rendered":"F\u00f6rslag om niqabf\u00f6rbud uppr\u00f6r: \u201dSkulle m\u00e5 d\u00e5ligt\u201d"},"content":{"rendered":"<p>Flera svenska kvinnor som b\u00e4r niqab riktar skarp kritik mot Ebba Buschs f\u00f6rslag om att f\u00f6rbjuda plagget i offentligheten, rapporterar Aftonbladet. <\/p>\n<p>\u2013 Jag skulle nog m\u00e5 j\u00e4tted\u00e5ligt till den punkt att jag inte kunde g\u00e5 ut l\u00e4ngre. Jag skulle inte kunna g\u00e5 till skolan, jag skulle inte kunna jobba, s\u00e4ger en 19-\u00e5ring till tidningen.<\/p>\n<p>Hon ifr\u00e5gas\u00e4tter nu om det hon beskriver som en svensk v\u00e4rdering \u2013 att f\u00e5 kl\u00e4 sig hur man vill \u2013 inte g\u00e4ller f\u00f6r alla. <\/p>\n<p>En annan kvinna vittnar f\u00f6r tidningen om att hon har slutat b\u00e4ra niqab f\u00f6r att hon utsattes f\u00f6r s\u00e5 mycket hat. Hon s\u00e4ger att hon tycker att staten varken ska tvinga kvinnor \u201dp\u00e5 med kl\u00e4der eller av med kl\u00e4der\u201d.<\/p>\n<p>Omni \u00e4r politiskt obundna och oberoende. Vi str\u00e4var efter att ge fler perspektiv p\u00e5 nyheterna. Har du fr\u00e5gor eller synpunkter kring v\u00e5r rapportering? <a href=\"https:\/\/omni.se\/forslag-om-niqabforbud-uppror-skulle-ma-daligt\/a\/mailto:redaktion@omni.se\" class=\"ArticleActions_contactLink__W2F1M\" rel=\"nofollow noopener\" target=\"_blank\">Kontakta redaktionen<\/a><\/p>\n","protected":false},"excerpt":{"rendered":"Flera svenska kvinnor som b\u00e4r niqab riktar skarp kritik mot Ebba Buschs f\u00f6rslag om att f\u00f6rbjuda plagget i&hellip;\n","protected":false},"author":2,"featured_media":59285,"comment_status":"","ping_status":"","sticky":false,"template":"","format":"standard","meta":{"footnotes":""},"categories":[12],"tags":[22,23,1106,26,27,17,21,1107,24,25,28,29,15,16,18,34,31,33,32,30,19,20],"class_list":{"0":"post-59284","1":"post","2":"type-post","3":"status-publish","4":"format-standard","5":"has-post-thumbnail","7":"category-sverige","8":"tag-breaking-news","9":"tag-breakingnews","10":"tag-ebba-busch","11":"tag-featured-news","12":"tag-featurednews","13":"tag-headlines","14":"tag-huvudnyheter","15":"tag-kristdemokraterna","16":"tag-latest-news","17":"tag-latestnews","18":"tag-main-news","19":"tag-mainnews","20":"tag-news","21":"tag-nyheter","22":"tag-rubriker","23":"tag-se","24":"tag-svenska","25":"tag-sverige","26":"tag-sweden","27":"tag-swedish","28":"tag-top-stories","29":"tag-topstories"},"share_on_mastodon":{"url":"","error":""},"_links":{"self":[{"href":"https:\/\/www.europesays.com\/se\/wp-json\/wp\/v2\/posts\/59284","targetHints":{"allow":["GET"]}}],"collection":[{"href":"https:\/\/www.europesays.com\/se\/wp-json\/wp\/v2\/posts"}],"about":[{"href":"https:\/\/www.europesays.com\/se\/wp-json\/wp\/v2\/types\/post"}],"author":[{"embeddable":true,"href":"https:\/\/www.europesays.com\/se\/wp-json\/wp\/v2\/users\/2"}],"replies":[{"embeddable":true,"href":"https:\/\/www.europesays.com\/se\/wp-json\/wp\/v2\/comments?post=59284"}],"version-history":[{"count":0,"href":"https:\/\/www.europesays.com\/se\/wp-json\/wp\/v2\/posts\/59284\/revisions"}],"wp:featuredmedia":[{"embeddable":true,"href":"https:\/\/www.europesays.com\/se\/wp-json\/wp\/v2\/media\/59285"}],"wp:attachment":[{"href":"https:\/\/www.europesays.com\/se\/wp-json\/wp\/v2\/media?parent=59284"}],"wp:term":[{"taxonomy":"category","embeddable":true,"href":"https:\/\/www.europesays.com\/se\/wp-json\/wp\/v2\/categories?post=59284"},{"taxonomy":"post_tag","embeddable":true,"href":"https:\/\/www.europesays.com\/se\/wp-json\/wp\/v2\/tags?post=59284"}],"curies":[{"name":"wp","href":"https:\/\/api.w.org\/{rel}","templated":true}]}}