{"id":59298,"date":"2025-10-19T16:25:09","date_gmt":"2025-10-19T16:25:09","guid":{"rendered":"https:\/\/www.europesays.com\/se\/59298\/"},"modified":"2025-10-19T16:25:09","modified_gmt":"2025-10-19T16:25:09","slug":"hacken-stormar-mot-guldet-krossade-brommapojkarna","status":"publish","type":"post","link":"https:\/\/www.europesays.com\/se\/59298\/","title":{"rendered":"H\u00e4cken stormar mot guldet \u2013 krossade Brommapojkarna"},"content":{"rendered":"<p>H\u00e4cken stormar mot sitt f\u00f6rsta SM-guld p\u00e5 damsidan sedan klubben tog \u00f6ver Kopparbergs\/G\u00f6teborg f\u00f6r fem \u00e5r sedan. Under s\u00f6ndagen krossade laget Brommapojkarna med hela 6\u20130 p\u00e5 bortaplan. <\/p>\n<p>Segern, som var H\u00e4ckens sj\u00e4tte raka, inneb\u00e4r att laget har fyra po\u00e4ng ner till tabelltv\u00e5an Malm\u00f6. Hammarby kan ta \u00f6ver andraplatsen vid seger mot Vittsj\u00f6, en match som p\u00e5g\u00e5r nu. <\/p>\n<p>Omni \u00e4r politiskt obundna och oberoende. Vi str\u00e4var efter att ge fler perspektiv p\u00e5 nyheterna. Har du fr\u00e5gor eller synpunkter kring v\u00e5r rapportering? <a href=\"https:\/\/omni.se\/hacken-stormar-mot-guldet-krossade-brommapojkarna\/a\/mailto:redaktion@omni.se\" class=\"ArticleActions_contactLink__W2F1M\" rel=\"nofollow noopener\" target=\"_blank\">Kontakta redaktionen<\/a><\/p>\n","protected":false},"excerpt":{"rendered":"H\u00e4cken stormar mot sitt f\u00f6rsta SM-guld p\u00e5 damsidan sedan klubben tog \u00f6ver Kopparbergs\/G\u00f6teborg f\u00f6r fem \u00e5r sedan. Under&hellip;\n","protected":false},"author":2,"featured_media":59299,"comment_status":"","ping_status":"","sticky":false,"template":"","format":"standard","meta":{"footnotes":""},"categories":[5],"tags":[2238,22,23,26,27,138,17,21,3467,24,25,28,29,15,16,18,34,31,33,32,30,19,20],"class_list":{"0":"post-59298","1":"post","2":"type-post","3":"status-publish","4":"format-standard","5":"has-post-thumbnail","7":"category-rubriker","8":"tag-bk-hacken-dam","9":"tag-breaking-news","10":"tag-breakingnews","11":"tag-featured-news","12":"tag-featurednews","13":"tag-fotboll","14":"tag-headlines","15":"tag-huvudnyheter","16":"tag-if-brommapojkarna","17":"tag-latest-news","18":"tag-latestnews","19":"tag-main-news","20":"tag-mainnews","21":"tag-news","22":"tag-nyheter","23":"tag-rubriker","24":"tag-se","25":"tag-svenska","26":"tag-sverige","27":"tag-sweden","28":"tag-swedish","29":"tag-top-stories","30":"tag-topstories"},"share_on_mastodon":{"url":"","error":""},"_links":{"self":[{"href":"https:\/\/www.europesays.com\/se\/wp-json\/wp\/v2\/posts\/59298","targetHints":{"allow":["GET"]}}],"collection":[{"href":"https:\/\/www.europesays.com\/se\/wp-json\/wp\/v2\/posts"}],"about":[{"href":"https:\/\/www.europesays.com\/se\/wp-json\/wp\/v2\/types\/post"}],"author":[{"embeddable":true,"href":"https:\/\/www.europesays.com\/se\/wp-json\/wp\/v2\/users\/2"}],"replies":[{"embeddable":true,"href":"https:\/\/www.europesays.com\/se\/wp-json\/wp\/v2\/comments?post=59298"}],"version-history":[{"count":0,"href":"https:\/\/www.europesays.com\/se\/wp-json\/wp\/v2\/posts\/59298\/revisions"}],"wp:featuredmedia":[{"embeddable":true,"href":"https:\/\/www.europesays.com\/se\/wp-json\/wp\/v2\/media\/59299"}],"wp:attachment":[{"href":"https:\/\/www.europesays.com\/se\/wp-json\/wp\/v2\/media?parent=59298"}],"wp:term":[{"taxonomy":"category","embeddable":true,"href":"https:\/\/www.europesays.com\/se\/wp-json\/wp\/v2\/categories?post=59298"},{"taxonomy":"post_tag","embeddable":true,"href":"https:\/\/www.europesays.com\/se\/wp-json\/wp\/v2\/tags?post=59298"}],"curies":[{"name":"wp","href":"https:\/\/api.w.org\/{rel}","templated":true}]}}