{"id":59316,"date":"2025-10-19T16:53:14","date_gmt":"2025-10-19T16:53:14","guid":{"rendered":"https:\/\/www.europesays.com\/se\/59316\/"},"modified":"2025-10-19T16:53:14","modified_gmt":"2025-10-19T16:53:14","slug":"6-0-seger-i-andra-rosa-matchen-valdigt-viktigt","status":"publish","type":"post","link":"https:\/\/www.europesays.com\/se\/59316\/","title":{"rendered":"6\u20130-seger i andra Rosa matchen: \u201dV\u00e4ldigt viktigt\u201d"},"content":{"rendered":"<p><strong>Sex m\u00e5l, h\u00e5llen nolla och framf\u00f6rallt tre nya po\u00e4ng. Det blev jackpott f\u00f6r BK H\u00e4cken borta mot Brommapojkarna i den andra Rosa matchen.<br \/>\u2013 Det var v\u00e4ldigt viktigt att f\u00e5 tre po\u00e4ng innan landslagsuppeh\u00e5llet, s\u00e4ger Carly Wickenheiser, som gjorde sitt fj\u00e4rde m\u00e5l f\u00f6r s\u00e4songen i OBOS Damallsvenskan.<\/strong><\/p>\n<p>Matchen hann bara p\u00e5g\u00e5 i knappt sju minuter innan Monica Jusu Bah prickade in 1\u20130 via stolpen. Bollklubben tvingades till ett tidigt byte p\u00e5 grund av skada p\u00e5 Pernille Sanvig. Helena Sampaio kom in i hennes st\u00e4lle i 13:e minuten. Tv\u00e5 minuter senare var brasilianskan v\u00e4ldigt n\u00e4ra att nicka in 2\u20130, men d\u00e5 parerade Emilia Johansson. 2\u20130-m\u00e5let kom ist\u00e4llet i 25:e minuten. Efter ett skottf\u00f6rs\u00f6k fr\u00e5n Stine Sandbech stod hemmalaget f\u00f6r ett sj\u00e4lvm\u00e5l. I 41:a minuten nickade Stine Sandbech en h\u00f6g h\u00f6rna fr\u00e5n Anna Anveg\u00e5rd. Bollen \u00e4ndrade riktning p\u00e5 en hemmaspelare och gick in i m\u00e5l fram till 3\u20130 f\u00f6r Bollklubben. BK H\u00e4cken tog med sig en trem\u00e5lsledning in i pausvilan efter en stabil f\u00f6rsta halvlek.<\/p>\n<p>Sju minuter in i andra halvlek gjorde Anna Anveg\u00e5rd m\u00e5l \u2013 f\u00f6r femte matchen i f\u00f6ljd i OBOS Damallsvenskan. Hon rundade m\u00e5lvakten och rullade kyligt in bollen efter att ha serverats av Felicia Schr\u00f6der. Helena Sampaio dunkade d\u00e4refter in 5\u20130 med ett fint avslut i bortre h\u00f6rnet. Sampaio assisterade sedan Carly Wickenheiser som snyggt krutade in 6\u20130 fr\u00e5n distans och avslutade m\u00e5lkalaset.<br \/>\u2013 Det \u00e4r alltid roligt att g\u00f6ra m\u00e5l, det h\u00e4nder inte s\u00e5 ofta. Jag \u00e4r bara glad \u00f6ver att kunna bidra till laget p\u00e5 alla s\u00e4tt som jag kan. Det var kul att komma med i m\u00e5lprotokollet, s\u00e4ger kanadensiskan.<br \/>Hon fick ocks\u00e5 lite av en revansch p\u00e5 sig sj\u00e4lv f\u00f6r i torsdags.<br \/>\u2013 Jag hade ett skottl\u00e4ge i Polen och Fanney Birkisd\u00f3ttir pikade d\u00e5 mig och sade att det mer s\u00e5g ut som en rensning \u00e4n ett skott, haha. Jag sk\u00f6t fr\u00e5n samma position i dag, s\u00e5 det var roligt att den gick in. Laget spelar s\u00e5 bra tillsammans just nu och vi kombinerar oss fram s\u00e5 v\u00e4l. Vi har s\u00e5 m\u00e5nga hot fram\u00e5t s\u00e5 det \u00e4r v\u00e4ldigt roligt att spela f\u00f6r det h\u00e4r laget, s\u00e4ger Carly Wickenheiser.<\/p>\n<p>BK H\u00e4cken fick matchen dit man ville och var kliniska n\u00e4r l\u00e4gena d\u00f6k upp.<br \/>\u2013 \u00d6verlag \u00e4r vi verkligen glada \u00f6ver de tre po\u00e4ngen. I de sista matcherna under s\u00e4songen m\u00e5ste vi hantera varje match som en final och ta tre po\u00e4ng varje g\u00e5ng. Vi \u00e4r mycket glada \u00f6ver att vi lyckades med det i dag. Det blev ett bra avslut p\u00e5 veckan. Vi gick vidare i UEFA Women\u2019s Europa Cup och det var v\u00e4ldigt viktigt att f\u00e5 tre po\u00e4ng innan landslagsuppeh\u00e5llet, s\u00e4ger m\u00e5lskytten.<br \/>Hon tycker att Bollklubben var b\u00e4ttre i andra halvlek \u00e4n i f\u00f6rsta.<br \/>\u2013 Vi inledde lite segt men ledde \u00e4nd\u00e5 med 3\u20130 i paus. Att vi inte \u00e4r helt n\u00f6jda med f\u00f6rsta halvlek s\u00e4ger en del om lagets inst\u00e4llning och mindset. Vi \u00e4r inte n\u00f6jda \u00f6ver att bara vinna utan vill ocks\u00e5 prestera bra och g\u00f6ra m\u00e5nga m\u00e5l, s\u00e4ger 28-\u00e5ringen.<br \/>Bollklubben toppar tabellen i OBOS Damallsvenskan med tre omg\u00e5ngar kvar att spela.<br \/>\u2013 Vi har allt i v\u00e5ra egna h\u00e4nder. Vi fick jobbet gjort i dag, det var en bra bortaseger. Jag vill ge cred till hela laget efter en l\u00e5ng vecka, s\u00e4ger Carly Wickenheiser.<\/p>\n","protected":false},"excerpt":{"rendered":"Sex m\u00e5l, h\u00e5llen nolla och framf\u00f6rallt tre nya po\u00e4ng. Det blev jackpott f\u00f6r BK H\u00e4cken borta mot Brommapojkarna&hellip;\n","protected":false},"author":2,"featured_media":59317,"comment_status":"","ping_status":"","sticky":false,"template":"","format":"standard","meta":{"footnotes":""},"categories":[68],"tags":[159,4526,138,4527,3474,34,111,110,31,33,32,30],"class_list":{"0":"post-59316","1":"post","2":"type-post","3":"status-publish","4":"format-standard","5":"has-post-thumbnail","7":"category-sport","8":"tag-allsvenskan","9":"tag-bravida-arena","10":"tag-fotboll","11":"tag-gpa","12":"tag-hisingen","13":"tag-se","14":"tag-sport","15":"tag-sports","16":"tag-svenska","17":"tag-sverige","18":"tag-sweden","19":"tag-swedish"},"share_on_mastodon":{"url":"","error":""},"_links":{"self":[{"href":"https:\/\/www.europesays.com\/se\/wp-json\/wp\/v2\/posts\/59316","targetHints":{"allow":["GET"]}}],"collection":[{"href":"https:\/\/www.europesays.com\/se\/wp-json\/wp\/v2\/posts"}],"about":[{"href":"https:\/\/www.europesays.com\/se\/wp-json\/wp\/v2\/types\/post"}],"author":[{"embeddable":true,"href":"https:\/\/www.europesays.com\/se\/wp-json\/wp\/v2\/users\/2"}],"replies":[{"embeddable":true,"href":"https:\/\/www.europesays.com\/se\/wp-json\/wp\/v2\/comments?post=59316"}],"version-history":[{"count":0,"href":"https:\/\/www.europesays.com\/se\/wp-json\/wp\/v2\/posts\/59316\/revisions"}],"wp:featuredmedia":[{"embeddable":true,"href":"https:\/\/www.europesays.com\/se\/wp-json\/wp\/v2\/media\/59317"}],"wp:attachment":[{"href":"https:\/\/www.europesays.com\/se\/wp-json\/wp\/v2\/media?parent=59316"}],"wp:term":[{"taxonomy":"category","embeddable":true,"href":"https:\/\/www.europesays.com\/se\/wp-json\/wp\/v2\/categories?post=59316"},{"taxonomy":"post_tag","embeddable":true,"href":"https:\/\/www.europesays.com\/se\/wp-json\/wp\/v2\/tags?post=59316"}],"curies":[{"name":"wp","href":"https:\/\/api.w.org\/{rel}","templated":true}]}}