{"id":59318,"date":"2025-10-19T16:56:08","date_gmt":"2025-10-19T16:56:08","guid":{"rendered":"https:\/\/www.europesays.com\/se\/59318\/"},"modified":"2025-10-19T16:56:08","modified_gmt":"2025-10-19T16:56:08","slug":"arken-riskerar-bli-ode-allehanda-se","status":"publish","type":"post","link":"https:\/\/www.europesays.com\/se\/59318\/","title":{"rendered":"Arken riskerar bli \u00f6de \u2013 Allehanda.se"},"content":{"rendered":"<p>Jag ser att m\u00e5nga har \u00e5sikten att ett kulturhus riskerar att eka lite tomt p\u00e5 dagtid utan ett bibliotek. Att ett bibliotek kommer g\u00f6ra att tillstr\u00f6mningen \u00f6kar och h\u00e5ller det mer levande. <\/p>\n<p>Det kan s\u00e4ker st\u00e4mma, men min fr\u00e5ga \u00e4r d\u00e5: Vad ska vi fylla Trekanten med i de stora lokaler biblioteket h\u00e5ller till i nu? <\/p>\n<p>Och vem kommer vilja driva ett caf\u00e9 eller en restaurang d\u00e4r om biblioteket flyttas till kulturhuset? <\/p>\n<p>H\u00e4r riskerar vi ju d\u00e5 ist\u00e4llet att f\u00e5 ett stort \u00f6dehus mitt i stan. Skulle g\u00e4rna vilja ha lite tankar om det fr\u00e5n er som f\u00f6respr\u00e5kar en flytt av biblioteket.<\/p>\n<p><strong>En biblioteksbes\u00f6kare<\/strong><\/p>\n","protected":false},"excerpt":{"rendered":"Jag ser att m\u00e5nga har \u00e5sikten att ett kulturhus riskerar att eka lite tomt p\u00e5 dagtid utan ett&hellip;\n","protected":false},"author":2,"featured_media":59319,"comment_status":"","ping_status":"","sticky":false,"template":"","format":"standard","meta":{"footnotes":""},"categories":[65],"tags":[72,70,71,34,31,33,32,30],"class_list":{"0":"post-59318","1":"post","2":"type-post","3":"status-publish","4":"format-standard","5":"has-post-thumbnail","7":"category-ekonomi","8":"tag-business","9":"tag-economy","10":"tag-ekonomi","11":"tag-se","12":"tag-svenska","13":"tag-sverige","14":"tag-sweden","15":"tag-swedish"},"share_on_mastodon":{"url":"","error":""},"_links":{"self":[{"href":"https:\/\/www.europesays.com\/se\/wp-json\/wp\/v2\/posts\/59318","targetHints":{"allow":["GET"]}}],"collection":[{"href":"https:\/\/www.europesays.com\/se\/wp-json\/wp\/v2\/posts"}],"about":[{"href":"https:\/\/www.europesays.com\/se\/wp-json\/wp\/v2\/types\/post"}],"author":[{"embeddable":true,"href":"https:\/\/www.europesays.com\/se\/wp-json\/wp\/v2\/users\/2"}],"replies":[{"embeddable":true,"href":"https:\/\/www.europesays.com\/se\/wp-json\/wp\/v2\/comments?post=59318"}],"version-history":[{"count":0,"href":"https:\/\/www.europesays.com\/se\/wp-json\/wp\/v2\/posts\/59318\/revisions"}],"wp:featuredmedia":[{"embeddable":true,"href":"https:\/\/www.europesays.com\/se\/wp-json\/wp\/v2\/media\/59319"}],"wp:attachment":[{"href":"https:\/\/www.europesays.com\/se\/wp-json\/wp\/v2\/media?parent=59318"}],"wp:term":[{"taxonomy":"category","embeddable":true,"href":"https:\/\/www.europesays.com\/se\/wp-json\/wp\/v2\/categories?post=59318"},{"taxonomy":"post_tag","embeddable":true,"href":"https:\/\/www.europesays.com\/se\/wp-json\/wp\/v2\/tags?post=59318"}],"curies":[{"name":"wp","href":"https:\/\/api.w.org\/{rel}","templated":true}]}}