{"id":59329,"date":"2025-10-19T17:25:09","date_gmt":"2025-10-19T17:25:09","guid":{"rendered":"https:\/\/www.europesays.com\/se\/59329\/"},"modified":"2025-10-19T17:25:09","modified_gmt":"2025-10-19T17:25:09","slug":"fotboll-john-guidetti-kan-ha-gjort-sitt-sista-derby-kommer-inte-grata-har","status":"publish","type":"post","link":"https:\/\/www.europesays.com\/se\/59329\/","title":{"rendered":"Fotboll: John Guidetti kan ha gjort sitt sista derby: \u201dKommer inte gr\u00e5ta h\u00e4r\u201d"},"content":{"rendered":"<p>Se intervjun med Guidetti i videon ovan.<\/p>\n<p>Hammarby vann derbyt med 2\u20131 efter m\u00e5l fr\u00e5n f\u00f6rst Nahir Besara och sedan fr\u00e5n Montader Madjed. <\/p>\n<p>John Guidetti kom in med ungef\u00e4r tio minuter kvar och hade ett bra l\u00e4ge att kvittera, men det rann ut i sanden. <\/p>\n<p>Efter\u00e5t var det en besviken anfallare som m\u00f6tte pressen. <\/p>\n<p>\u2013 Det \u00e4r k\u00e4nslosamt och tufft nu. Man k\u00e4nner sig tom. Det \u00e4r min f\u00f6rsta f\u00f6rlust i allsvenskan i ett derby sedan jag kom till AIK och det var inte s\u00e5 man ville avsluta det, s\u00e4ger han. <\/p>\n<p>Guidetti har utg\u00e5ende kontrakt och tidigare i veckan sa han att det inte f\u00f6rs n\u00e5gra diskussioner om en f\u00f6rl\u00e4ngning. <\/p>\n<p>\u2013 F\u00f6rs\u00f6k inte s\u00e4tta dit mig nu! Det spelar ingen roll n\u00e4r du v\u00e4ljer att sluta, oavsett n\u00e4r du g\u00f6r det k\u00e4nns det tungt. Det \u00e4r livets cirkel. Jag kommer inte b\u00f6rja gr\u00e5ta h\u00e4r, det tar jag hemma sen. <\/p>\n<p>Inte en derbyseger: \u201dKunde inte bry mig mindre\u201d<\/p>\n<p>AIK-backen Sotirios Papagiannopoulos var ocks\u00e5 besviken: <\/p>\n<p>\u2013 Otroligt tung f\u00f6rlust. Jag tycker vi att har tillr\u00e4ckligt bra l\u00e4gen f\u00f6r att vinna. Vi tar inte vara p\u00e5 v\u00e5ra chanser och sl\u00e4pper in tv\u00e5 viktiga m\u00e5l<\/p>\n<p>Det blev ingen derbyseger i \u00e5r f\u00f6r er, vad g\u00f6r det i hj\u00e4rtat?<\/p>\n<p>\u2013 Jag kunde inte bry mig mindre. Vi f\u00f6rs\u00f6ker ta den h\u00e4r tredjeplatsen. <\/p>\n<p>\u2013 Det kommer vara j\u00e4mnt hela v\u00e4gen in. De h\u00e4r tre matcherna kommer vara otroligt viktiga. <\/p>\n<p>AIK m\u00f6ter H\u00e4cken, Elfsborg och Halmstad i sina sista matcher.<\/p>\n","protected":false},"excerpt":{"rendered":"Se intervjun med Guidetti i videon ovan. Hammarby vann derbyt med 2\u20131 efter m\u00e5l fr\u00e5n f\u00f6rst Nahir Besara&hellip;\n","protected":false},"author":2,"featured_media":59330,"comment_status":"","ping_status":"","sticky":false,"template":"","format":"standard","meta":{"footnotes":""},"categories":[68],"tags":[34,111,110,31,33,32,30],"class_list":{"0":"post-59329","1":"post","2":"type-post","3":"status-publish","4":"format-standard","5":"has-post-thumbnail","7":"category-sport","8":"tag-se","9":"tag-sport","10":"tag-sports","11":"tag-svenska","12":"tag-sverige","13":"tag-sweden","14":"tag-swedish"},"share_on_mastodon":{"url":"","error":""},"_links":{"self":[{"href":"https:\/\/www.europesays.com\/se\/wp-json\/wp\/v2\/posts\/59329","targetHints":{"allow":["GET"]}}],"collection":[{"href":"https:\/\/www.europesays.com\/se\/wp-json\/wp\/v2\/posts"}],"about":[{"href":"https:\/\/www.europesays.com\/se\/wp-json\/wp\/v2\/types\/post"}],"author":[{"embeddable":true,"href":"https:\/\/www.europesays.com\/se\/wp-json\/wp\/v2\/users\/2"}],"replies":[{"embeddable":true,"href":"https:\/\/www.europesays.com\/se\/wp-json\/wp\/v2\/comments?post=59329"}],"version-history":[{"count":0,"href":"https:\/\/www.europesays.com\/se\/wp-json\/wp\/v2\/posts\/59329\/revisions"}],"wp:featuredmedia":[{"embeddable":true,"href":"https:\/\/www.europesays.com\/se\/wp-json\/wp\/v2\/media\/59330"}],"wp:attachment":[{"href":"https:\/\/www.europesays.com\/se\/wp-json\/wp\/v2\/media?parent=59329"}],"wp:term":[{"taxonomy":"category","embeddable":true,"href":"https:\/\/www.europesays.com\/se\/wp-json\/wp\/v2\/categories?post=59329"},{"taxonomy":"post_tag","embeddable":true,"href":"https:\/\/www.europesays.com\/se\/wp-json\/wp\/v2\/tags?post=59329"}],"curies":[{"name":"wp","href":"https:\/\/api.w.org\/{rel}","templated":true}]}}